{"id":25494,"date":"2019-05-31T20:44:06","date_gmt":"2019-06-01T01:44:06","guid":{"rendered":"http:\/\/www.inter-accion.com.mx\/?p=25494"},"modified":"2019-05-31T20:44:06","modified_gmt":"2019-06-01T01:44:06","slug":"solo-danos-menores-dejan-las-lluvias-en-el-estado-de-guerrero","status":"publish","type":"post","link":"https:\/\/www.interaccionnoticias.com.mx\/?p=25494","title":{"rendered":"Solo da\u00f1os menores, dejan las lluvias en el estado de Guerrero"},"content":{"rendered":"<p><strong>Se reportan tormentas locales en las regiones Centro, Monta\u00f1a y Costa Chica<\/strong><br \/>\nLa Secretar\u00eda de Protecci\u00f3n Civil del Estado confirm\u00f3 la ocurrencia de tormentas locales y lluvias intensas en las la regi\u00f3n Centro, Monta\u00f1a y Costa Chica, las que generaron encharcamientos menores, la ca\u00edda de un poste y el taponamiento de alcantarillas.<br \/>\nLa dependencia report\u00f3 tormentas locales, de moderadas a fuertes en los municipios de Tixtla, Leonardo Bravo, Chilpancingo y Eduardo Neri, as\u00ed como ligeras en Quechultenango y Mochitl\u00e1n, todos pertenecen a la regi\u00f3n Centro.<br \/>\nEn el caso de la regi\u00f3n Monta\u00f1a, las precipitaciones se consideraron de ligeras a moderadas y se reportaron en Tlapa de Comonfort, Alpoyeca, Copanatoyac y Atlixtac.<br \/>\nRespecto a la Costa Chica, se presentaron tormentas locales de ligeras a moderadas en Ayutla de los Libres.<br \/>\nEn cuanto a los reportes ciudadanos, se anota que hubo encharcamientos en diferentes puntos, la ca\u00edda de un poste de luz al lado del Colegio de Bachilleres, plantel n\u00famero 1 y se confirm\u00f3 un veh\u00edculo varado frente al Congreso local.<br \/>\nEn la cabecera municipal de Tixtla hubo dos viviendas afectadas por el ingreso de agua, a consecuencia del taponamiento de las coladeras.<br \/>\nHasta el momento las afectaciones se consideran menores, no hay personas afectadas.<\/p>\n","protected":false},"excerpt":{"rendered":"<p>Se reportan tormentas locales en las regiones Centro, Monta\u00f1a y Costa Chica La Secretar\u00eda de Protecci\u00f3n Civil del Estado confirm\u00f3 la ocurrencia de tormentas locales y lluvias intensas en las&hellip; <\/p>\n","protected":false},"author":1,"featured_media":0,"comment_status":"closed","ping_status":"closed","sticky":false,"template":"","format":"standard","meta":{"fifu_image_url":"","fifu_image_alt":"","footnotes":""},"categories":[8,23],"tags":[],"class_list":["post-25494","post","type-post","status-publish","format-standard","hentry","category-featured","category-regionales"],"_links":{"self":[{"href":"https:\/\/www.interaccionnoticias.com.mx\/index.php?rest_route=\/wp\/v2\/posts\/25494","targetHints":{"allow":["GET"]}}],"collection":[{"href":"https:\/\/www.interaccionnoticias.com.mx\/index.php?rest_route=\/wp\/v2\/posts"}],"about":[{"href":"https:\/\/www.interaccionnoticias.com.mx\/index.php?rest_route=\/wp\/v2\/types\/post"}],"author":[{"embeddable":true,"href":"https:\/\/www.interaccionnoticias.com.mx\/index.php?rest_route=\/wp\/v2\/users\/1"}],"replies":[{"embeddable":true,"href":"https:\/\/www.interaccionnoticias.com.mx\/index.php?rest_route=%2Fwp%2Fv2%2Fcomments&post=25494"}],"version-history":[{"count":0,"href":"https:\/\/www.interaccionnoticias.com.mx\/index.php?rest_route=\/wp\/v2\/posts\/25494\/revisions"}],"wp:attachment":[{"href":"https:\/\/www.interaccionnoticias.com.mx\/index.php?rest_route=%2Fwp%2Fv2%2Fmedia&parent=25494"}],"wp:term":[{"taxonomy":"category","embeddable":true,"href":"https:\/\/www.interaccionnoticias.com.mx\/index.php?rest_route=%2Fwp%2Fv2%2Fcategories&post=25494"},{"taxonomy":"post_tag","embeddable":true,"href":"https:\/\/www.interaccionnoticias.com.mx\/index.php?rest_route=%2Fwp%2Fv2%2Ftags&post=25494"}],"curies":[{"name":"wp","href":"https:\/\/api.w.org\/{rel}","templated":true}]}}