{"id":25491,"date":"2019-05-31T20:37:20","date_gmt":"2019-06-01T01:37:20","guid":{"rendered":"http:\/\/www.inter-accion.com.mx\/?p=25491"},"modified":"2019-05-31T20:37:20","modified_gmt":"2019-06-01T01:37:20","slug":"quisiera-tomar-las-casetas-de-la-autopista-del-sol-dice-el-alcalde-de-chilpancingo","status":"publish","type":"post","link":"https:\/\/www.interaccionnoticias.com.mx\/?p=25491","title":{"rendered":"&quot;Quisiera tomar las casetas de la Autopista del Sol&quot;, dice el alcalde de Chilpancingo"},"content":{"rendered":"<p><strong>Ante el inminente corte del suministro de energ\u00eda el\u00e9ctrica en la Capach<\/strong><br \/>\nEl alcalde Antonio Gaspar Beltr\u00e1n no descart\u00f3 la posibilidad de \u00abtomar\u00bb las casetas de peaje en la Autopista del Sol para pagar el adeudo de 10 millones de pesos que la Comisi\u00f3n de Agua Potable y Alcantarillado de Chilpancingo (Capach) tiene con la Comisi\u00f3n Federal de Electricidad (CFE).<br \/>\nEn entrevista, inform\u00f3 que el jueves acudi\u00f3 a la Secretar\u00eda de Gobernaci\u00f3n (Segob) para solicitar el apoyo del gobierno federal.<br \/>\nTambi\u00e9n dialog\u00f3 este viernes con Eduardo Escamilla L\u00f3pez, gerente de Suministro de Servicios B\u00e1sicos de la CFE en la regi\u00f3n sur-sureste.<br \/>\nEscamilla L\u00f3pez demand\u00f3 el pago de un mill\u00f3n 700 mil pesos para las tres de la tarde de este viernes.<br \/>\nEn caso de incumplir, advirti\u00f3 que se cortar\u00eda el suministro el\u00e9ctrico a la Capach, lo que dejar\u00eda sin agua a toda la ciudad.<br \/>\nEl alcalde le explic\u00f3 que no contaba con recursos para pagar este viernes, porque tambi\u00e9n ten\u00eda que pagar la n\u00f3mina a los trabajadores.<br \/>\nPor ello, solicit\u00f3 una pr\u00f3rroga de algunos d\u00edas para realizar el pago, pero el gerente regional de la CFE se neg\u00f3 a ampliar el plazo.<br \/>\nAnte la negativa, el alcalde Antonio Gaspar Beltr\u00e1n acudi\u00f3 este viernes al puerto de Acapulco para \u00abhac\u00e9rsela llorona\u00bb al gobernador H\u00e9ctor Astudillo Flores y solicitarle un pr\u00e9stamo o en su caso, un adelanto en las participaciones.<br \/>\nEl edil perredista asever\u00f3 que la situaci\u00f3n financiera en la Capach es cr\u00edtica y por ello, hizo un llamado al delegado del gobierno federal en Guerrero, Pablo Am\u00edlcar Sandoval Ballesteros, para que lo ayude a gestionar una tarifa especial de servicio el\u00e9ctrico ante la CFE.<br \/>\nIncluso advirti\u00f3 que como \u00faltimo recurso, no descarta la toma de casetas de peaje en la Autopista del Sol para llamar la atenci\u00f3n del gobierno federal.<br \/>\n\u00abTomar casetas nos lo van a dejar como \u00faltimo camino. El presidente de la Rep\u00fablica (Andr\u00e9s Manuel L\u00f3pez Obrador) nos ense\u00f1\u00f3 a ser luchones y yo realmente siento a veces una frialdad hacia los municipios. As\u00ed que no nos va a quedar de otra. Puede que (tomar casetas) sea en serio\u00bb, apunt\u00f3.<br \/>\nAdem\u00e1s, anunci\u00f3 que se cortar\u00e1 el servicio de agua potable a los usuarios morosos para aumentar la recaudaci\u00f3n.<br \/>\nIncluso dijo que \u00e9l personalmente acudir\u00e1 a cobrar impuestos y servicios a las empresas deudoras.<br \/>\n\u00abA las empresas me las voy a agarrar yo, que el propio presidente ande de cobr\u00f3n. Voy a ir a cobrarles el predial y el agua potable a esos peces gordos\u00bb, sentenci\u00f3.<br \/>\nGaspar Beltr\u00e1n reconoci\u00f3 que esta situaci\u00f3n podr\u00eda generarle \u00abimpopularidad\u00bb, pero que su prioridad es gobernar bien.<br \/>\nEstiaje eleva la deuda con la CFE<br \/>\nEl presidente municipal inform\u00f3 que la capital tiene un requerimiento de 500 litros de agua por segundo, pero debido al estiaje el suministro apenas llega a los 200 litros.<br \/>\nPara subsanar esta situaci\u00f3n, el bombeo se est\u00e1 realizando de manera permanente, lo que elev\u00f3 la factura por consumo el\u00e9ctrico a cuatro millones de pesos.<br \/>\nA esto se suman los tres millones de pesos que se requieren mensualmente para el pago de n\u00f3mina.<br \/>\nSin embargo, la Capach tiene una recaudaci\u00f3n de apenas tres millones, lo que genera una deuda mensual de cuatro millones de pesos al organismo operador de agua potable.<br \/>\nGaspar Beltr\u00e1n destac\u00f3 la solidaridad del gobernador H\u00e9ctor Astudillo Flores para ir solventando mes con mes los pasivos que se acumulan en la Capach.<br \/>\nPero reconoci\u00f3 que \u00abes tiempo de que los chilpancingue\u00f1os se hagan cargo del sistema de agua potable y asuman su responsabilidad\u00bb.<\/p>\n","protected":false},"excerpt":{"rendered":"<p>Ante el inminente corte del suministro de energ\u00eda el\u00e9ctrica en la Capach El alcalde Antonio Gaspar Beltr\u00e1n no descart\u00f3 la posibilidad de \u00abtomar\u00bb las casetas de peaje en la Autopista&hellip; <\/p>\n","protected":false},"author":1,"featured_media":0,"comment_status":"closed","ping_status":"closed","sticky":false,"template":"","format":"standard","meta":{"fifu_image_url":"","fifu_image_alt":"","footnotes":""},"categories":[13,8],"tags":[],"class_list":["post-25491","post","type-post","status-publish","format-standard","hentry","category-capital","category-featured"],"_links":{"self":[{"href":"https:\/\/www.interaccionnoticias.com.mx\/index.php?rest_route=\/wp\/v2\/posts\/25491","targetHints":{"allow":["GET"]}}],"collection":[{"href":"https:\/\/www.interaccionnoticias.com.mx\/index.php?rest_route=\/wp\/v2\/posts"}],"about":[{"href":"https:\/\/www.interaccionnoticias.com.mx\/index.php?rest_route=\/wp\/v2\/types\/post"}],"author":[{"embeddable":true,"href":"https:\/\/www.interaccionnoticias.com.mx\/index.php?rest_route=\/wp\/v2\/users\/1"}],"replies":[{"embeddable":true,"href":"https:\/\/www.interaccionnoticias.com.mx\/index.php?rest_route=%2Fwp%2Fv2%2Fcomments&post=25491"}],"version-history":[{"count":0,"href":"https:\/\/www.interaccionnoticias.com.mx\/index.php?rest_route=\/wp\/v2\/posts\/25491\/revisions"}],"wp:attachment":[{"href":"https:\/\/www.interaccionnoticias.com.mx\/index.php?rest_route=%2Fwp%2Fv2%2Fmedia&parent=25491"}],"wp:term":[{"taxonomy":"category","embeddable":true,"href":"https:\/\/www.interaccionnoticias.com.mx\/index.php?rest_route=%2Fwp%2Fv2%2Fcategories&post=25491"},{"taxonomy":"post_tag","embeddable":true,"href":"https:\/\/www.interaccionnoticias.com.mx\/index.php?rest_route=%2Fwp%2Fv2%2Ftags&post=25491"}],"curies":[{"name":"wp","href":"https:\/\/api.w.org\/{rel}","templated":true}]}}