{"id":25488,"date":"2019-05-31T20:31:39","date_gmt":"2019-06-01T01:31:39","guid":{"rendered":"http:\/\/www.inter-accion.com.mx\/?p=25488"},"modified":"2019-05-31T20:31:39","modified_gmt":"2019-06-01T01:31:39","slug":"consejo-universitario-de-la-uagro-pide-que-cese-la-violencia-contra-sus-estudiantes","status":"publish","type":"post","link":"https:\/\/www.interaccionnoticias.com.mx\/?p=25488","title":{"rendered":"Consejo Universitario de la UAGro pide que cese la violencia contra sus estudiantes"},"content":{"rendered":"<p><strong>Llaman a investigar los cr\u00edmenes de estudiantes y que se conozcan los resultados cuanto antes<\/strong><br \/>\nDe manera un\u00e1nime, el Consejo Universitario, m\u00e1ximo \u00f3rgano de gobierno en la Universidad Aut\u00f3noma de Guerrero (UAGro) conden\u00f3 los asesinatos cometidos contra sus estudiantes, exigi\u00f3 justicia y solicit\u00f3 que los tres niveles de Gobierno implementen acciones para que la violencia cese cuanto antes.<br \/>\nEste viernes, en las instalaciones de rector\u00eda de la m\u00e1xima casa de estudios se realiz\u00f3 la cuarta reuni\u00f3n de trabajo de la Sesi\u00f3n Permanente del Consejo Universitario.<br \/>\nEn dicha reuni\u00f3n, se analizaron los \u00faltimos acontecimientos registrados en materia de inseguridad, en los que lamentablemente destacan varios estudiantes de la instituci\u00f3n como v\u00edctimas.<br \/>\nEl domingo de la semana pasada, una estudiante de enfermer\u00eda fue privada de la libertad, torturada y asesinado junto a su novio y la familia de este, en un hecho que caus\u00f3 revuelo a nivel nacional, a partir de que ocho cad\u00e1veres fueron abandonados en en la caja de una camioneta, cerca del centro de Chilpancingo.<br \/>\nLa madrugada del jueves, en una casa del estudiante ubicada en la colonia del PRI, otro alumno, este originario de Metlat\u00f3noc fue asesinado a balazos.<br \/>\nEl CU acord\u00f3 manifestarse en contra de cualquier expresi\u00f3n de violencia en contra de su comunidad estudiantil y planta docente, adem\u00e1s, exigi\u00f3 a las autoridades correspondientes que investiguen cada caso y permitan que a las v\u00edctimas se les haga justicia.<br \/>\nEn una entrevista previa, el rector Javier Salda\u00f1a Almaz\u00e1n cuestion\u00f3 la situaci\u00f3n, exigi\u00f3 resultados en las investigaciones y demand\u00f3 que los tres niveles de gobierno implementen acciones encaminadas a erradicar la violencia.<br \/>\nEl rector Salda\u00f1a Almaz\u00e1n sostuvo que la violencia es condenable en cualquiera de sus expresiones, por eso demand\u00f3 que la vigilancia en los planteles se mantenga y en algunos casos se refuerce, tambi\u00e9n sugiri\u00f3 a los estudiantes y profesores adoptar medidas de autoprotecci\u00f3n.<\/p>\n","protected":false},"excerpt":{"rendered":"<p>Llaman a investigar los cr\u00edmenes de estudiantes y que se conozcan los resultados cuanto antes De manera un\u00e1nime, el Consejo Universitario, m\u00e1ximo \u00f3rgano de gobierno en la Universidad Aut\u00f3noma de&hellip; <\/p>\n","protected":false},"author":1,"featured_media":0,"comment_status":"closed","ping_status":"closed","sticky":false,"template":"","format":"standard","meta":{"fifu_image_url":"","fifu_image_alt":"","footnotes":""},"categories":[8,30],"tags":[],"class_list":["post-25488","post","type-post","status-publish","format-standard","hentry","category-featured","category-universidad"],"_links":{"self":[{"href":"https:\/\/www.interaccionnoticias.com.mx\/index.php?rest_route=\/wp\/v2\/posts\/25488","targetHints":{"allow":["GET"]}}],"collection":[{"href":"https:\/\/www.interaccionnoticias.com.mx\/index.php?rest_route=\/wp\/v2\/posts"}],"about":[{"href":"https:\/\/www.interaccionnoticias.com.mx\/index.php?rest_route=\/wp\/v2\/types\/post"}],"author":[{"embeddable":true,"href":"https:\/\/www.interaccionnoticias.com.mx\/index.php?rest_route=\/wp\/v2\/users\/1"}],"replies":[{"embeddable":true,"href":"https:\/\/www.interaccionnoticias.com.mx\/index.php?rest_route=%2Fwp%2Fv2%2Fcomments&post=25488"}],"version-history":[{"count":0,"href":"https:\/\/www.interaccionnoticias.com.mx\/index.php?rest_route=\/wp\/v2\/posts\/25488\/revisions"}],"wp:attachment":[{"href":"https:\/\/www.interaccionnoticias.com.mx\/index.php?rest_route=%2Fwp%2Fv2%2Fmedia&parent=25488"}],"wp:term":[{"taxonomy":"category","embeddable":true,"href":"https:\/\/www.interaccionnoticias.com.mx\/index.php?rest_route=%2Fwp%2Fv2%2Fcategories&post=25488"},{"taxonomy":"post_tag","embeddable":true,"href":"https:\/\/www.interaccionnoticias.com.mx\/index.php?rest_route=%2Fwp%2Fv2%2Ftags&post=25488"}],"curies":[{"name":"wp","href":"https:\/\/api.w.org\/{rel}","templated":true}]}}