{"id":2548,"date":"2017-03-05T22:46:00","date_gmt":"2017-03-06T04:46:00","guid":{"rendered":"http:\/\/www.inter-accion.com.mx\/?p=2548"},"modified":"2017-03-05T22:46:00","modified_gmt":"2017-03-06T04:46:00","slug":"funcionario-de-gobierno-levantado-en-zihuatanejo","status":"publish","type":"post","link":"https:\/\/www.interaccionnoticias.com.mx\/?p=2548","title":{"rendered":"Funcionario de gobierno levantado en Zihuatanejo"},"content":{"rendered":"<p><span style=\"font-weight: 400;\">Julio C\u00e9sar Vargas Calvo, delegado de gobierno de Guerrero en la regi\u00f3n de la Costa Grande, fue privado de su libertad por un comando, en el puerto de Zihuatanejo.<\/span><br \/>\n<span style=\"font-weight: 400;\">Los hechos se registraron la noche del s\u00e1bado aproximadamente a las 22:00 horas y de inmediato se realiz\u00f3 un despliegue policiaco-militar para la b\u00fasqueda y rescate del funcionario del gobierno estatal.<\/span><br \/>\n<span style=\"font-weight: 400;\">Lo anterior fue confirmado por el portavoz del Grupo de Coordinaci\u00f3n Guerrero (GCG), Roberto \u00c1lvarez Heredia, quien se\u00f1al\u00f3 que hombres armados lo hab\u00edan privado de su libertad.<\/span><br \/>\n<span style=\"font-weight: 400;\">Seg\u00fan los primeros reportes, se inform\u00f3 que Julio C\u00e9sar Calvo, fue interceptado en pleno centro del puerto de Zihuatanejo, en la avenida Paseo Las Palmas y que hombres armados se lo llevaron.<\/span><br \/>\n<span style=\"font-weight: 400;\">Por lo que elementos de la Base de Operaciones Mixtas (BOM), implementaron un operativo de b\u00fasqueda y rescate desde anoche y el mismo contin\u00faa, en diversas colonias de Zihuatanejo y del puerto de Ixtapa.<\/span><br \/>\n<span style=\"font-weight: 400;\">Vargas Calvo, se desempe\u00f1a como representante del gobierno del estado de Guerrero en toda la regi\u00f3n de la Costa Grande de la entidad.<\/span><br \/>\n<span style=\"font-weight: 400;\">El despliegue de las fuerzas federales en el binomio de playa para la localizaci\u00f3n de Vargas Calvo, se realiz\u00f3 en las colonias Centro, Vicente Guerrero, Los Barriles, La Correa, Buenos Aires y Emiliano Zapata, entre otras.<\/span><br \/>\n&nbsp;<br \/>\n<b>Su hermano, abatido por militares en enfrentamiento<\/b><br \/>\n&nbsp;<br \/>\n<span style=\"font-weight: 400;\">El pasado 24 de julio del 2016 su hermano, Carlos Vargas Escobar, tambi\u00e9n hijo del notario p\u00fablico n\u00famero 2 de Zihuatanejo, Carlos Francisco Vargas N\u00e1jera, muri\u00f3 en un enfrentamiento entre soldados del Ej\u00e9rcito mexicano y presuntos integrantes de un grupo criminal.<\/span><br \/>\n<span style=\"font-weight: 400;\">De acuerdo con informes oficiales, el hombre que cay\u00f3 muerto en aquella ocasi\u00f3n era hermano de Julio Cesar Vargas, exdirector del Registro P\u00fablico de la Propiedad y actualmente delegado de gobierno en la administraci\u00f3n de H\u00e9ctor Astudillo Flores en la Costa Grande.<\/span><br \/>\n<span style=\"font-weight: 400;\">En aquella ocasi\u00f3n, los hechos ocurrieron en el punto conocido como La Salitrera, del municipio de Zihuatanejo, la madrugada del domingo y falleci\u00f3 en un enfrentamiento, tras un ataque a militares por parte de los civiles armados que viajaban a bordo de una camioneta negra, marca Audi tipo Q7, placas GWF-2158 del estado de Texas en Estados Unidos.<\/span><br \/>\n<span style=\"font-weight: 400;\">Tras la captura de dos hombres y abatir a Vargas Escobar, hijo del notario Francisco Vargas N\u00e1jera, ex sub procurador de la Procuradur\u00eda General de Justicia en 1997 durante el primer periodo de gobierno de \u00c1ngel Aguirre Rivero.<\/span><br \/>\n<span style=\"font-weight: 400;\">Se inform\u00f3 que en el enfrentamiento al menos dos militares habr\u00edan resultado heridos por disparos de arma de grueso calibre, y fueron hospitalizados en un nosocomio del puerto de Zihuatanejo.<\/span><\/p>\n","protected":false},"excerpt":{"rendered":"<p>Julio C\u00e9sar Vargas Calvo, delegado de gobierno de Guerrero en la regi\u00f3n de la Costa Grande, fue privado de su libertad por un comando, en el puerto de Zihuatanejo. Los&hellip; <\/p>\n","protected":false},"author":1,"featured_media":0,"comment_status":"open","ping_status":"open","sticky":false,"template":"","format":"standard","meta":{"fifu_image_url":"","fifu_image_alt":"","footnotes":""},"categories":[8,23],"tags":[],"class_list":["post-2548","post","type-post","status-publish","format-standard","hentry","category-featured","category-regionales"],"_links":{"self":[{"href":"https:\/\/www.interaccionnoticias.com.mx\/index.php?rest_route=\/wp\/v2\/posts\/2548","targetHints":{"allow":["GET"]}}],"collection":[{"href":"https:\/\/www.interaccionnoticias.com.mx\/index.php?rest_route=\/wp\/v2\/posts"}],"about":[{"href":"https:\/\/www.interaccionnoticias.com.mx\/index.php?rest_route=\/wp\/v2\/types\/post"}],"author":[{"embeddable":true,"href":"https:\/\/www.interaccionnoticias.com.mx\/index.php?rest_route=\/wp\/v2\/users\/1"}],"replies":[{"embeddable":true,"href":"https:\/\/www.interaccionnoticias.com.mx\/index.php?rest_route=%2Fwp%2Fv2%2Fcomments&post=2548"}],"version-history":[{"count":0,"href":"https:\/\/www.interaccionnoticias.com.mx\/index.php?rest_route=\/wp\/v2\/posts\/2548\/revisions"}],"wp:attachment":[{"href":"https:\/\/www.interaccionnoticias.com.mx\/index.php?rest_route=%2Fwp%2Fv2%2Fmedia&parent=2548"}],"wp:term":[{"taxonomy":"category","embeddable":true,"href":"https:\/\/www.interaccionnoticias.com.mx\/index.php?rest_route=%2Fwp%2Fv2%2Fcategories&post=2548"},{"taxonomy":"post_tag","embeddable":true,"href":"https:\/\/www.interaccionnoticias.com.mx\/index.php?rest_route=%2Fwp%2Fv2%2Ftags&post=2548"}],"curies":[{"name":"wp","href":"https:\/\/api.w.org\/{rel}","templated":true}]}}