{"id":2545,"date":"2017-03-05T22:21:29","date_gmt":"2017-03-06T04:21:29","guid":{"rendered":"http:\/\/www.inter-accion.com.mx\/?p=2545"},"modified":"2017-03-05T22:21:29","modified_gmt":"2017-03-06T04:21:29","slug":"piden-en-el-congreso-garantizar-el-ejercicio-periodistico-en-guerrero","status":"publish","type":"post","link":"https:\/\/www.interaccionnoticias.com.mx\/?p=2545","title":{"rendered":"Piden en el Congreso garantizar el ejercicio period\u00edstico en Guerrero"},"content":{"rendered":"<p>El coordinador de la fracci\u00f3n parlamentaria del Movimiento Ciudadano (MC), Ricardo Mej\u00eda Berdeja consider\u00f3 necesario garantizar el ejercicio period\u00edstico en Guerrero, lo que pasa por esclarecer los cr\u00edmenes cometidos contra trabajadores de los medios.<br \/>\nA pocos d\u00edas del asesinato cometido contra Cecilio Pineda Birto, hasta hace poco corresponsal de El Universal y reportero en su momento de El Despertar del Sur, Mej\u00eda Berdeja consider\u00f3 necesario que el Estado Mexicano implemente y ponga en marcha los mecanismos ya existentes para &nbsp;que el Estado Mexicano garantice la seguridad de quienes ejercen el periodismo, en el entendido de que el derecho a informar e informarse no se puede coartar bajo ninguna circunstancia.<br \/>\nRecord\u00f3 que el Mecanismo de Protecci\u00f3n a Personas Defensoras de Derechos Humanos y Peridistas, es una instancia federal adscrita a la Secretar\u00eda de Gobernaci\u00f3n Federal, que hasta el momento no ha dado los resultados que se esperaban.<br \/>\nEl representante popular sostiene que el Mecanismo de referencia se ha convertido en una instancia burocr\u00e1tica, que no ha contribuido en mucho a la defensa de la libertad de expresi\u00f3n.<br \/>\nDe acuerdo con diversos organismos, en los \u00faltimos siete a\u00f1os se han asesinado a tres periodistas en el estado de Guerrero, en tanto que 16 han sufrido alg\u00fan tipo de agresi\u00f3n f\u00edsica.<br \/>\nMej\u00eda Berdeja se pronunci\u00f3 a favor de que el asesinato de Cecilio Pineda Birto lo atraiga la Procuradur\u00eda General de la Republica (PGR), para que en el \u00e1mbito de su competencia investigue, ubique, detenga y sancione a los autores materiales e intelectuales del hecho.<br \/>\nSolamente sancionando a los responsables de los asesinatos cometidos contra comunicadores, se comenzar\u00e1 a avanzar en serio en la defensa del derecho a la libertad de expresi\u00f3n.<br \/>\n&nbsp;<\/p>\n","protected":false},"excerpt":{"rendered":"<p>El coordinador de la fracci\u00f3n parlamentaria del Movimiento Ciudadano (MC), Ricardo Mej\u00eda Berdeja consider\u00f3 necesario garantizar el ejercicio period\u00edstico en Guerrero, lo que pasa por esclarecer los cr\u00edmenes cometidos contra&hellip; <\/p>\n","protected":false},"author":1,"featured_media":0,"comment_status":"open","ping_status":"open","sticky":false,"template":"","format":"standard","meta":{"fifu_image_url":"","fifu_image_alt":"","footnotes":""},"categories":[8,15],"tags":[],"class_list":["post-2545","post","type-post","status-publish","format-standard","hentry","category-featured","category-movimientos-sociales"],"_links":{"self":[{"href":"https:\/\/www.interaccionnoticias.com.mx\/index.php?rest_route=\/wp\/v2\/posts\/2545","targetHints":{"allow":["GET"]}}],"collection":[{"href":"https:\/\/www.interaccionnoticias.com.mx\/index.php?rest_route=\/wp\/v2\/posts"}],"about":[{"href":"https:\/\/www.interaccionnoticias.com.mx\/index.php?rest_route=\/wp\/v2\/types\/post"}],"author":[{"embeddable":true,"href":"https:\/\/www.interaccionnoticias.com.mx\/index.php?rest_route=\/wp\/v2\/users\/1"}],"replies":[{"embeddable":true,"href":"https:\/\/www.interaccionnoticias.com.mx\/index.php?rest_route=%2Fwp%2Fv2%2Fcomments&post=2545"}],"version-history":[{"count":0,"href":"https:\/\/www.interaccionnoticias.com.mx\/index.php?rest_route=\/wp\/v2\/posts\/2545\/revisions"}],"wp:attachment":[{"href":"https:\/\/www.interaccionnoticias.com.mx\/index.php?rest_route=%2Fwp%2Fv2%2Fmedia&parent=2545"}],"wp:term":[{"taxonomy":"category","embeddable":true,"href":"https:\/\/www.interaccionnoticias.com.mx\/index.php?rest_route=%2Fwp%2Fv2%2Fcategories&post=2545"},{"taxonomy":"post_tag","embeddable":true,"href":"https:\/\/www.interaccionnoticias.com.mx\/index.php?rest_route=%2Fwp%2Fv2%2Ftags&post=2545"}],"curies":[{"name":"wp","href":"https:\/\/api.w.org\/{rel}","templated":true}]}}