{"id":25235,"date":"2019-05-21T20:15:53","date_gmt":"2019-05-22T01:15:53","guid":{"rendered":"http:\/\/www.inter-accion.com.mx\/?p=25235"},"modified":"2019-05-21T20:15:53","modified_gmt":"2019-05-22T01:15:53","slug":"helguera-insiste-no-habra-incremento-del-13-por-ciento-a-trabajadores-del-congreso","status":"publish","type":"post","link":"https:\/\/www.interaccionnoticias.com.mx\/?p=25235","title":{"rendered":"Helguera insiste: No habr\u00e1 incremento del 13 por ciento a trabajadores del Congreso"},"content":{"rendered":"<p><strong>El planteamiento del presidente de la Jucopo parte del 5 por ciento, aunque \u00abpuede moverse un poco\u00bb<\/strong><br \/>\nEl presidente de la Junta de Coordinaci\u00f3n Pol\u00edtica (Jucopo) del Congreso local, Antonio Helguera Jim\u00e9nez, descart\u00f3 el incremento del 13 por ciento al salario base de los trabajadores.<br \/>\nEste martes se cumplieron dos d\u00edas del paro laboral indefinido que iniciaron 135 trabajadores del Congreso y 30 de la Auditor\u00eda Superior del Estado, quienes demandan un incremento salarial del 13 por ciento.<br \/>\nDebido al plant\u00f3n que los paristas mantienen afuera del Palacio Legislativo, la sesi\u00f3n de Pleno de este d\u00eda se realiz\u00f3 en el auditorio del Tribunal Superior de Justicia.<br \/>\nEn entrevista, Helguera Jim\u00e9nez asever\u00f3 que no autorizar\u00e1 el 13 por ciento de incremento salarial que demandan los trabajadores.<br \/>\nEl legislador mantuvo su oferta del cinco por ciento, aunque aclar\u00f3 que est\u00e1 dispuesto a \u00abmoverse un poco\u00bb.<br \/>\nIndic\u00f3 que el aumento del cinco por ciento al salario base le generar\u00eda al Congreso local un gasto adicional de 6.6 millones de pesos de mayo a diciembre.<br \/>\nUn incremento del 13 por ciento, como demandan los trabajadores, elevar\u00eda el monto a m\u00e1s de 10 millones de pesos.<br \/>\nEl presidente de la Jucopo les ofreci\u00f3 hasta un 6.6 por ciento de incremento en prestaciones, que sumado al cinco por ciento de aumento salarial representar\u00eda un 11.5 por ciento de aumento global para este a\u00f1o.<br \/>\nEl tambi\u00e9n coordinador de la fracci\u00f3n parlamentaria de Morena hizo un llamado a los trabajadores sindicalizados a \u00abrecapacitar\u00bb, porque \u00abel incremento que est\u00e1n pidiendo es muy alto\u00bb.<br \/>\nExplic\u00f3 que un incremento del 13 por ciento en tres a\u00f1os hace que se duplique el salario, situaci\u00f3n que escapa a la capacidad financiera del Congreso, cuyo presupuesto tuvo un incremento del 4.3 por ciento para este a\u00f1o.<\/p>\n","protected":false},"excerpt":{"rendered":"<p>El planteamiento del presidente de la Jucopo parte del 5 por ciento, aunque \u00abpuede moverse un poco\u00bb El presidente de la Junta de Coordinaci\u00f3n Pol\u00edtica (Jucopo) del Congreso local, Antonio&hellip; <\/p>\n","protected":false},"author":1,"featured_media":0,"comment_status":"closed","ping_status":"closed","sticky":false,"template":"","format":"standard","meta":{"fifu_image_url":"","fifu_image_alt":"","footnotes":""},"categories":[2,8],"tags":[],"class_list":["post-25235","post","type-post","status-publish","format-standard","hentry","category-congreso","category-featured"],"_links":{"self":[{"href":"https:\/\/www.interaccionnoticias.com.mx\/index.php?rest_route=\/wp\/v2\/posts\/25235","targetHints":{"allow":["GET"]}}],"collection":[{"href":"https:\/\/www.interaccionnoticias.com.mx\/index.php?rest_route=\/wp\/v2\/posts"}],"about":[{"href":"https:\/\/www.interaccionnoticias.com.mx\/index.php?rest_route=\/wp\/v2\/types\/post"}],"author":[{"embeddable":true,"href":"https:\/\/www.interaccionnoticias.com.mx\/index.php?rest_route=\/wp\/v2\/users\/1"}],"replies":[{"embeddable":true,"href":"https:\/\/www.interaccionnoticias.com.mx\/index.php?rest_route=%2Fwp%2Fv2%2Fcomments&post=25235"}],"version-history":[{"count":0,"href":"https:\/\/www.interaccionnoticias.com.mx\/index.php?rest_route=\/wp\/v2\/posts\/25235\/revisions"}],"wp:attachment":[{"href":"https:\/\/www.interaccionnoticias.com.mx\/index.php?rest_route=%2Fwp%2Fv2%2Fmedia&parent=25235"}],"wp:term":[{"taxonomy":"category","embeddable":true,"href":"https:\/\/www.interaccionnoticias.com.mx\/index.php?rest_route=%2Fwp%2Fv2%2Fcategories&post=25235"},{"taxonomy":"post_tag","embeddable":true,"href":"https:\/\/www.interaccionnoticias.com.mx\/index.php?rest_route=%2Fwp%2Fv2%2Ftags&post=25235"}],"curies":[{"name":"wp","href":"https:\/\/api.w.org\/{rel}","templated":true}]}}