{"id":2499,"date":"2017-03-03T14:10:06","date_gmt":"2017-03-03T20:10:06","guid":{"rendered":"http:\/\/www.inter-accion.com.mx\/?p=2499"},"modified":"2017-03-03T14:10:06","modified_gmt":"2017-03-03T20:10:06","slug":"javier-saldana-almazan-candidato-unico-a-la-rectoria-de-la-uagro","status":"publish","type":"post","link":"https:\/\/www.interaccionnoticias.com.mx\/?p=2499","title":{"rendered":"Javier Salda\u00f1a Almaz\u00e1n candidato \u00fanico a la Rector\u00eda de la UAGro"},"content":{"rendered":"<p>La Comisi\u00f3n Electoral de la Universidad Aut\u00f3noma de Guerrero, inform\u00f3 que Javier Salda\u00f1a Almaz\u00e1n ser\u00e1 el \u00fanico candidato a rector de la m\u00e1xima casa de estudios, para el periodo 2017-2021.<br \/>\nEl d\u00eda mi\u00e9rcoles, el doctor Javier Salda\u00f1a Almaz\u00e1n, quien busca reelegirse como rector por 4 a\u00f1os m\u00e1s, as\u00ed como la doctora Silvia Alem\u00e1n Mundo, representante del Colectivo Insurgencia Universitaria (CIU), comparecieron ante la Comisi\u00f3n Electoral de la universidad, para entregar su documentaci\u00f3n y convertirse en candidatos a la rector\u00eda de la UAGro.<br \/>\nDespu\u00e9s de la entrega, Alem\u00e1n Mundo declar\u00f3 que no hab\u00eda cumplido en su totalidad con los requisitos que dicta la convocatoria para la elecci\u00f3n de rector, para el periodo del 6 abril de 2017 al 6 de abril de 2021.<br \/>\nEspec\u00edficamente se trat\u00f3 de la fracci\u00f3n tercera de la convocatoria, que se\u00f1ala que al menos 40 Consejeros Universitarios o los Consejos Acad\u00e9micos de al menos 20 Unidades Acad\u00e9micas o 150 consejeros acad\u00e9micos de unidades acad\u00e9micas, tendr\u00e1n que avalar la aspiraci\u00f3n de quien se postule al cargo de rector.<br \/>\nEl CIU solo logr\u00f3 reunir el aval de un 20 por ciento de los 150 consejeros acad\u00e9micos, toda vez que los Consejeros Universitarios, optaron por deslindarse de apoyar a alg\u00fan aspirante, seg\u00fan una consulta que realiz\u00f3 la misma Alem\u00e1n Mundo, tiempo antes de la entrega de documentaci\u00f3n ante el \u00f3rgano electoral universitario.<br \/>\nEl d\u00eda de ayer, la catedr\u00e1tica confi\u00f3 que la Comisi\u00f3n Electoral tuviera una \u201ccomprensi\u00f3n de los derechos constitucionales\u201d y permitiera su participaci\u00f3n para el cargo a rector, sin embargo, su solicitud no fue admitida.<br \/>\nPor la ma\u00f1ana, Salda\u00f1a Almaz\u00e1n dio a conocer en su cuenta de Facebook, la resoluci\u00f3n de la Comisi\u00f3n Electoral, que lo acreditaba legalmente como candidato \u00fanico al cargo de rector de la UAGro, toda vez que cumpli\u00f3 con los requisitos previstos en la base segunda y tercera de la convocatoria, correspondientes al art\u00edculo 78 del estatuto general, as\u00ed como las disposiciones del reglamento electoral.<br \/>\nPasado el jueves, con la confirmaci\u00f3n de Javier Salda\u00f1a Almaz\u00e1n como candidato \u00fanico a rector, se pondr\u00e1 en marcha el periodo de campa\u00f1a, que concluir\u00e1 a la media noche del martes 21 de este mes.<\/p>\n","protected":false},"excerpt":{"rendered":"<p>La Comisi\u00f3n Electoral de la Universidad Aut\u00f3noma de Guerrero, inform\u00f3 que Javier Salda\u00f1a Almaz\u00e1n ser\u00e1 el \u00fanico candidato a rector de la m\u00e1xima casa de estudios, para el periodo 2017-2021.&hellip; <\/p>\n","protected":false},"author":1,"featured_media":0,"comment_status":"open","ping_status":"open","sticky":false,"template":"","format":"standard","meta":{"fifu_image_url":"","fifu_image_alt":"","footnotes":""},"categories":[8,30],"tags":[],"class_list":["post-2499","post","type-post","status-publish","format-standard","hentry","category-featured","category-universidad"],"_links":{"self":[{"href":"https:\/\/www.interaccionnoticias.com.mx\/index.php?rest_route=\/wp\/v2\/posts\/2499","targetHints":{"allow":["GET"]}}],"collection":[{"href":"https:\/\/www.interaccionnoticias.com.mx\/index.php?rest_route=\/wp\/v2\/posts"}],"about":[{"href":"https:\/\/www.interaccionnoticias.com.mx\/index.php?rest_route=\/wp\/v2\/types\/post"}],"author":[{"embeddable":true,"href":"https:\/\/www.interaccionnoticias.com.mx\/index.php?rest_route=\/wp\/v2\/users\/1"}],"replies":[{"embeddable":true,"href":"https:\/\/www.interaccionnoticias.com.mx\/index.php?rest_route=%2Fwp%2Fv2%2Fcomments&post=2499"}],"version-history":[{"count":0,"href":"https:\/\/www.interaccionnoticias.com.mx\/index.php?rest_route=\/wp\/v2\/posts\/2499\/revisions"}],"wp:attachment":[{"href":"https:\/\/www.interaccionnoticias.com.mx\/index.php?rest_route=%2Fwp%2Fv2%2Fmedia&parent=2499"}],"wp:term":[{"taxonomy":"category","embeddable":true,"href":"https:\/\/www.interaccionnoticias.com.mx\/index.php?rest_route=%2Fwp%2Fv2%2Fcategories&post=2499"},{"taxonomy":"post_tag","embeddable":true,"href":"https:\/\/www.interaccionnoticias.com.mx\/index.php?rest_route=%2Fwp%2Fv2%2Ftags&post=2499"}],"curies":[{"name":"wp","href":"https:\/\/api.w.org\/{rel}","templated":true}]}}