{"id":2495,"date":"2017-03-03T13:47:02","date_gmt":"2017-03-03T19:47:02","guid":{"rendered":"http:\/\/www.inter-accion.com.mx\/?p=2495"},"modified":"2017-03-03T13:47:02","modified_gmt":"2017-03-03T19:47:02","slug":"fiscalia-solicitara-ayuda-a-la-pgr-en-el-caso-de-cecilio-pineda","status":"publish","type":"post","link":"https:\/\/www.interaccionnoticias.com.mx\/?p=2495","title":{"rendered":"Fiscal\u00eda solicitar\u00e1 ayuda a la PGR en el caso de Cecilio Pineda"},"content":{"rendered":"<p>El fiscal del Estado Javier Olea Pel\u00e1ez al mediod\u00eda de este viernes en rueda de prensa en el municipio de Chilpancingo confirm\u00f3 que luego de que se registrar\u00e1 el artero asesinato del periodista de Tierra Caliente Cecilio Pineda de ayer, ya fue solicitada la colaboraci\u00f3n de PGR en el caso.<br \/>\nDebido a que se cuenta en la instancia Federal con una Fiscal\u00eda especializada para el gremio reporteril, tambi\u00e9n destac\u00f3 que dentro de las investigaciones se busca a dos testigos oculares que presenciaron el asesinato de Cecilio, mismos que laboran en el autolavado donde ocurri\u00f3 el ataque, los cuales escaparon del lugar.<br \/>\nCecilio Pineda contaba con un mecanismo de protecci\u00f3n a periodistas, debido al riesgo de la zona donde el realizaba su labor, mismas que fueron suspendidas en fechas pasadas, luego de evaluar y considerar que el riesgo era menor para el periodista.<br \/>\nAnte esta situaci\u00f3n reporteros de Chilpancingo protestaron con pancartas para exigir justicia para el compa\u00f1ero ca\u00eddo dentro de la rueda de prensa.<\/p>\n","protected":false},"excerpt":{"rendered":"<p>El fiscal del Estado Javier Olea Pel\u00e1ez al mediod\u00eda de este viernes en rueda de prensa en el municipio de Chilpancingo confirm\u00f3 que luego de que se registrar\u00e1 el artero&hellip; <\/p>\n","protected":false},"author":1,"featured_media":0,"comment_status":"open","ping_status":"open","sticky":false,"template":"","format":"standard","meta":{"fifu_image_url":"","fifu_image_alt":"","footnotes":""},"categories":[8,27],"tags":[],"class_list":["post-2495","post","type-post","status-publish","format-standard","hentry","category-featured","category-seguridad-publica"],"_links":{"self":[{"href":"https:\/\/www.interaccionnoticias.com.mx\/index.php?rest_route=\/wp\/v2\/posts\/2495","targetHints":{"allow":["GET"]}}],"collection":[{"href":"https:\/\/www.interaccionnoticias.com.mx\/index.php?rest_route=\/wp\/v2\/posts"}],"about":[{"href":"https:\/\/www.interaccionnoticias.com.mx\/index.php?rest_route=\/wp\/v2\/types\/post"}],"author":[{"embeddable":true,"href":"https:\/\/www.interaccionnoticias.com.mx\/index.php?rest_route=\/wp\/v2\/users\/1"}],"replies":[{"embeddable":true,"href":"https:\/\/www.interaccionnoticias.com.mx\/index.php?rest_route=%2Fwp%2Fv2%2Fcomments&post=2495"}],"version-history":[{"count":0,"href":"https:\/\/www.interaccionnoticias.com.mx\/index.php?rest_route=\/wp\/v2\/posts\/2495\/revisions"}],"wp:attachment":[{"href":"https:\/\/www.interaccionnoticias.com.mx\/index.php?rest_route=%2Fwp%2Fv2%2Fmedia&parent=2495"}],"wp:term":[{"taxonomy":"category","embeddable":true,"href":"https:\/\/www.interaccionnoticias.com.mx\/index.php?rest_route=%2Fwp%2Fv2%2Fcategories&post=2495"},{"taxonomy":"post_tag","embeddable":true,"href":"https:\/\/www.interaccionnoticias.com.mx\/index.php?rest_route=%2Fwp%2Fv2%2Ftags&post=2495"}],"curies":[{"name":"wp","href":"https:\/\/api.w.org\/{rel}","templated":true}]}}