{"id":2493,"date":"2017-03-03T13:43:36","date_gmt":"2017-03-03T19:43:36","guid":{"rendered":"http:\/\/www.inter-accion.com.mx\/?p=2493"},"modified":"2017-03-03T13:43:36","modified_gmt":"2017-03-03T19:43:36","slug":"ejecutan-al-ex-presidente-de-la-canacintra-en-chilpancingo","status":"publish","type":"post","link":"https:\/\/www.interaccionnoticias.com.mx\/?p=2493","title":{"rendered":"Ejecutan al ex presidente de la Canacintra en Chilpancingo"},"content":{"rendered":"<p>Estaba desaparecido desde&nbsp;27 de febrero<br \/>\n*El titular de la FGE, Javier Olea Pel\u00e1ez sostiene que fue ejecutado aproximadamente a las 10:00 horas del viernes &nbsp;&nbsp;<br \/>\nA cuatro d\u00edas de ser privado de la libertad, el empresario Carlos Cruz Islas, introductor del internet a Guerrero y ex presidente de la Canacintra en Guerrero fue asesinado por sus captores, su cuerpo tirado en la periferia del municipio de Eduardo Neri.<br \/>\nEn conferencia de prensa, el titular de la Fiscal\u00eda General del Estado (FGE) Javier Olea Pel\u00e1ez confirm\u00f3 que el empresario de Chilpancingo fue ejecutado alrededor de las 10:00 horas, el hallazgo del cad\u00e1ver se confirm\u00f3 poco antes de las 11:00, en un paraje que se ubica en la ruta de terracer\u00eda que comunica con Huiziltepec.<br \/>\nCruz Islas fue privado de la libertad la tarde del domingo 27 de febrero, cuando atend\u00eda su negocio de internet en la avenida Juan N. Alvarez, el primer cuadro de la ciudad de Chilpancingo.<br \/>\nLa Confederaci\u00f3n Patronal de la Rep\u00fablica Mexicana (Coparmex) implor\u00f3 a los captores por su vida, incluso ofreci\u00f3 convocar a una colecta ciudadana para recabar parte de recurso que se solicitara como rescate.<br \/>\nSin embargo, la familia nunca recibi\u00f3 ninguna comunicaci\u00f3n que en la que se les solicitara el pago de un rescate.<br \/>\nIncluso, la ma\u00f1ana del lunes, el gobernador H\u00e9ctor Astudillo Flores ofreci\u00f3 hacer lo que estuviera en sus manos para contribuir a que el empresario fuera devuelto con vida a sus familiares.<br \/>\nEl fiscal Olea Pel\u00e1ez se encarg\u00f3 de informar a la familia directa, as\u00ed como a sus compa\u00f1eros empresarios sobre el hallazgo del cad\u00e1ver.<br \/>\nCon base a la experiencia que tiene como penalista, dijo que se estimaba que Carlos Cruz Islas fue asesinado alrededor de las 10:00 horas del viernes, lo que implica que sus captores lo mantuvieron con vida durante cuatro d\u00edas.<\/p>\n","protected":false},"excerpt":{"rendered":"<p>Estaba desaparecido desde&nbsp;27 de febrero *El titular de la FGE, Javier Olea Pel\u00e1ez sostiene que fue ejecutado aproximadamente a las 10:00 horas del viernes &nbsp;&nbsp; A cuatro d\u00edas de ser&hellip; <\/p>\n","protected":false},"author":1,"featured_media":0,"comment_status":"open","ping_status":"open","sticky":false,"template":"","format":"standard","meta":{"fifu_image_url":"","fifu_image_alt":"","footnotes":""},"categories":[8,27],"tags":[],"class_list":["post-2493","post","type-post","status-publish","format-standard","hentry","category-featured","category-seguridad-publica"],"_links":{"self":[{"href":"https:\/\/www.interaccionnoticias.com.mx\/index.php?rest_route=\/wp\/v2\/posts\/2493","targetHints":{"allow":["GET"]}}],"collection":[{"href":"https:\/\/www.interaccionnoticias.com.mx\/index.php?rest_route=\/wp\/v2\/posts"}],"about":[{"href":"https:\/\/www.interaccionnoticias.com.mx\/index.php?rest_route=\/wp\/v2\/types\/post"}],"author":[{"embeddable":true,"href":"https:\/\/www.interaccionnoticias.com.mx\/index.php?rest_route=\/wp\/v2\/users\/1"}],"replies":[{"embeddable":true,"href":"https:\/\/www.interaccionnoticias.com.mx\/index.php?rest_route=%2Fwp%2Fv2%2Fcomments&post=2493"}],"version-history":[{"count":0,"href":"https:\/\/www.interaccionnoticias.com.mx\/index.php?rest_route=\/wp\/v2\/posts\/2493\/revisions"}],"wp:attachment":[{"href":"https:\/\/www.interaccionnoticias.com.mx\/index.php?rest_route=%2Fwp%2Fv2%2Fmedia&parent=2493"}],"wp:term":[{"taxonomy":"category","embeddable":true,"href":"https:\/\/www.interaccionnoticias.com.mx\/index.php?rest_route=%2Fwp%2Fv2%2Fcategories&post=2493"},{"taxonomy":"post_tag","embeddable":true,"href":"https:\/\/www.interaccionnoticias.com.mx\/index.php?rest_route=%2Fwp%2Fv2%2Ftags&post=2493"}],"curies":[{"name":"wp","href":"https:\/\/api.w.org\/{rel}","templated":true}]}}