{"id":24857,"date":"2019-05-06T12:34:38","date_gmt":"2019-05-06T17:34:38","guid":{"rendered":"http:\/\/www.inter-accion.com.mx\/?p=24857"},"modified":"2019-05-06T12:34:38","modified_gmt":"2019-05-06T17:34:38","slug":"militares-y-autoridades-civiles-cierran-filas-contra-gran-incendio-que-afecta-chilpancingo","status":"publish","type":"post","link":"https:\/\/www.interaccionnoticias.com.mx\/?p=24857","title":{"rendered":"Militares y autoridades civiles cierran filas contra gran incendio que afecta Chilpancingo"},"content":{"rendered":"<p><strong>El siniestro adquiri\u00f3 fuerza durante la jornada del domingo y moviliza cuerpos de auxilio, corporaciones policiacas y soldados <\/strong><br \/>\nEl gobernador H\u00e9ctor Astudillo Flores confirm\u00f3 la participaci\u00f3n de la Secretar\u00eda de la Defensa Nacional (Sedena), brigadistas de Protecci\u00f3n Civil y hasta personal de la polic\u00eda preventiva para sofocar un incendio que se ubica en la parte alta de seis colonias, el cual ha generado una gran nube de humo cubre que a la capital del estado.<br \/>\nLa tarde del domingo, la Secretar\u00eda de Protecci\u00f3n Civil del Estado report\u00f3 m\u00e1s de 600 hect\u00e1reas afectadas por el fuego, principalmente de pastizal, palma y hojarasca.<br \/>\nLos trabajos de sofocaci\u00f3n se mantuvieron durante la noche, ante la cercan\u00eda con las colonias El Calvario, Nuevo Mirador, Santiago Ap\u00f3stol y Llanos de Tepoxtepec.<br \/>\nEl gobernador H\u00e9ctor Astudillo Flores reconoci\u00f3 que el incendio \u00abha sido muy aparatoso\u00bb y se propag\u00f3 con rapidez debido a las rachas de viento.<br \/>\nSin embargo, consider\u00f3 que el fuego estar\u00e1 totalmente sofocado para las dos de la tarde de este lunes.<br \/>\nSubray\u00f3 que no se han registrado muertos ni lesionados; tampoco hay viviendas ni bienes patrimoniales afectados, como resultado del cerco operativo que se implement\u00f3 por la noche.<br \/>\nRespecto a la nube de humo que se mantiene sobre la capital guerrerense, hizo un llamado a los ciudadanos a \u00abcuidar a los ni\u00f1os y adultos mayores, cerrar las ventanas, no hacer ejercicio en la v\u00eda p\u00fablica ni caminar tramos largos\u00bb, hasta que pase la contingencia.<br \/>\nEl mandatario lament\u00f3 que Guerrero se encuentre en primer lugar nacional de incendios y que Chilpancingo sea puntero.<br \/>\n\u00abEso es muy delicado, muy grave\u00bb, expres\u00f3 Astudillo Flores. Adem\u00e1s, alert\u00f3 que \u00abvienen los d\u00edas m\u00e1s graves\u00bb.<br \/>\nSe\u00f1al\u00f3 que los incendios forestales inician con la quema descontrolada de los terrenos de siembra, lo cual \u00abes parte de la cultura del campo\u00bb.<br \/>\nConsider\u00f3 que \u00abesa cultura ya no puede prevalecer\u00bb, porque \u00abya ni hay nada qu\u00e9 quemar\u00bb.<br \/>\nEl gobernador se\u00f1al\u00f3 que hay por lo menos cinco incendios activos \u00abmuy delicados\u00bb en el estado, que obligan a movilizar al personal de diferentes dependencias en las labores de sofocaci\u00f3n.<br \/>\nDe manera particular, hizo un reconocimiento a la Secretar\u00eda de la Defensa Nacional (Sedena), Bomberos y brigadistas de Protecci\u00f3n Civil estatal y municipal, porque mantuvieron las labores de sofocaci\u00f3n en el sur poniente de Chilpancingo durante la noche.<\/p>\n","protected":false},"excerpt":{"rendered":"<p>El siniestro adquiri\u00f3 fuerza durante la jornada del domingo y moviliza cuerpos de auxilio, corporaciones policiacas y soldados El gobernador H\u00e9ctor Astudillo Flores confirm\u00f3 la participaci\u00f3n de la Secretar\u00eda de&hellip; <\/p>\n","protected":false},"author":1,"featured_media":0,"comment_status":"closed","ping_status":"closed","sticky":false,"template":"","format":"standard","meta":{"fifu_image_url":"","fifu_image_alt":"","footnotes":""},"categories":[13,8],"tags":[],"class_list":["post-24857","post","type-post","status-publish","format-standard","hentry","category-capital","category-featured"],"_links":{"self":[{"href":"https:\/\/www.interaccionnoticias.com.mx\/index.php?rest_route=\/wp\/v2\/posts\/24857","targetHints":{"allow":["GET"]}}],"collection":[{"href":"https:\/\/www.interaccionnoticias.com.mx\/index.php?rest_route=\/wp\/v2\/posts"}],"about":[{"href":"https:\/\/www.interaccionnoticias.com.mx\/index.php?rest_route=\/wp\/v2\/types\/post"}],"author":[{"embeddable":true,"href":"https:\/\/www.interaccionnoticias.com.mx\/index.php?rest_route=\/wp\/v2\/users\/1"}],"replies":[{"embeddable":true,"href":"https:\/\/www.interaccionnoticias.com.mx\/index.php?rest_route=%2Fwp%2Fv2%2Fcomments&post=24857"}],"version-history":[{"count":0,"href":"https:\/\/www.interaccionnoticias.com.mx\/index.php?rest_route=\/wp\/v2\/posts\/24857\/revisions"}],"wp:attachment":[{"href":"https:\/\/www.interaccionnoticias.com.mx\/index.php?rest_route=%2Fwp%2Fv2%2Fmedia&parent=24857"}],"wp:term":[{"taxonomy":"category","embeddable":true,"href":"https:\/\/www.interaccionnoticias.com.mx\/index.php?rest_route=%2Fwp%2Fv2%2Fcategories&post=24857"},{"taxonomy":"post_tag","embeddable":true,"href":"https:\/\/www.interaccionnoticias.com.mx\/index.php?rest_route=%2Fwp%2Fv2%2Ftags&post=24857"}],"curies":[{"name":"wp","href":"https:\/\/api.w.org\/{rel}","templated":true}]}}