{"id":24841,"date":"2019-05-05T19:15:05","date_gmt":"2019-05-06T00:15:05","guid":{"rendered":"http:\/\/www.inter-accion.com.mx\/?p=24841"},"modified":"2019-05-05T19:15:05","modified_gmt":"2019-05-06T00:15:05","slug":"morena-pretende-modificar-acuerdo-de-gobernabilidad-en-el-congreso-de-guerrero","status":"publish","type":"post","link":"https:\/\/www.interaccionnoticias.com.mx\/?p=24841","title":{"rendered":"Morena pretende modificar acuerdo de gobernabilidad en el Congreso de Guerrero"},"content":{"rendered":"<p><strong>El jueves 2 de mayo, el presidente de la Jucopo solicit\u00f3 que Morena presida las comisiones de Justicia, Asuntos Pol\u00edticos y Estudios Constitucionales <\/strong><br \/>\nEl presidente de la Junta de Coordinaci\u00f3n Pol\u00edtica del Congreso local, Antonio Helguera Jim\u00e9nez solicit\u00f3 a los coordinadores parlamentarios del PRI y del PRD, re negociar la integraci\u00f3n de por lo menos tres comisiones legislativas, lo que romper\u00eda un acuerdo que le dio gobernabilidad a la 62 Legislatura en el inicio de sus trabajos.<br \/>\nEl jueves 2 de mayo, antes de que la Coordinadora Estatal de Trabajadores de la Educaci\u00f3n de Guerrero (CETEG) irrumpiera en el Congreso local, el coordinador de Morena se reuni\u00f3 con sus hom\u00f3logos del PRI, H\u00e9ctor Apreza Patr\u00f3n y del PRD Celestino Ces\u00e1reo Guzm\u00e1n.<br \/>\nEn el encuentro, Antonio Helguera plante\u00f3 dos asuntos que le interesaban desahogar, la destituci\u00f3n del secretario de Asuntos Parlamentarios, Benjam\u00edn Gallegos Segura, y la modificaci\u00f3n del acuerdo que dieron forma a la integraci\u00f3n de comisiones.<br \/>\n\u201cQuiere ahora dar para atr\u00e1s a lo que se acord\u00f3 en meses pasados, pretende que las comisiones vuelvan a acordarse nuevamente\u201d, se\u00f1al\u00f3 el l\u00edder de los diputados del PRI, Apreza Patr\u00f3n.<br \/>\nDe acuerdo con el diputado Apreza, el presidente de la Jucopo argument\u00f3 que est\u00e1 sujeto a presiones por parte de sus correligionarios, de tal suerte que le exigen las presidencias de las comisiones de Justicia, Asuntos Pol\u00edticos y de Estudios Constitucionales.<br \/>\nLa comisi\u00f3n de Justicia la encabeza el pri\u00edsta Omar Jalil Flores Maj\u00fal, la de Asuntos Pol\u00edticos la tambi\u00e9n tricolor Alicia Zamora Villalba, mientras que Asuntos Pol\u00edticos es presidida por el perredista Bernardo Ortega Jim\u00e9nez.<br \/>\nEl argumento que plantea el presidente de la Jucopo, de acuerdo con el coordinador del PRI, va en el sentido de que as\u00ed estar\u00edan desahogando los pendientes de manera m\u00e1s r\u00e1pida.<br \/>\nDicho argumento dijo que no tiene sentido, puesto que si bien las comisiones de referencia son presididas por el PRI y el PRD, en todos los casos Morena cuenta con la mayor\u00eda de sus integrantes.<\/p>\n","protected":false},"excerpt":{"rendered":"<p>El jueves 2 de mayo, el presidente de la Jucopo solicit\u00f3 que Morena presida las comisiones de Justicia, Asuntos Pol\u00edticos y Estudios Constitucionales El presidente de la Junta de Coordinaci\u00f3n&hellip; <\/p>\n","protected":false},"author":1,"featured_media":0,"comment_status":"closed","ping_status":"closed","sticky":false,"template":"","format":"standard","meta":{"fifu_image_url":"","fifu_image_alt":"","footnotes":""},"categories":[2,8],"tags":[],"class_list":["post-24841","post","type-post","status-publish","format-standard","hentry","category-congreso","category-featured"],"_links":{"self":[{"href":"https:\/\/www.interaccionnoticias.com.mx\/index.php?rest_route=\/wp\/v2\/posts\/24841","targetHints":{"allow":["GET"]}}],"collection":[{"href":"https:\/\/www.interaccionnoticias.com.mx\/index.php?rest_route=\/wp\/v2\/posts"}],"about":[{"href":"https:\/\/www.interaccionnoticias.com.mx\/index.php?rest_route=\/wp\/v2\/types\/post"}],"author":[{"embeddable":true,"href":"https:\/\/www.interaccionnoticias.com.mx\/index.php?rest_route=\/wp\/v2\/users\/1"}],"replies":[{"embeddable":true,"href":"https:\/\/www.interaccionnoticias.com.mx\/index.php?rest_route=%2Fwp%2Fv2%2Fcomments&post=24841"}],"version-history":[{"count":0,"href":"https:\/\/www.interaccionnoticias.com.mx\/index.php?rest_route=\/wp\/v2\/posts\/24841\/revisions"}],"wp:attachment":[{"href":"https:\/\/www.interaccionnoticias.com.mx\/index.php?rest_route=%2Fwp%2Fv2%2Fmedia&parent=24841"}],"wp:term":[{"taxonomy":"category","embeddable":true,"href":"https:\/\/www.interaccionnoticias.com.mx\/index.php?rest_route=%2Fwp%2Fv2%2Fcategories&post=24841"},{"taxonomy":"post_tag","embeddable":true,"href":"https:\/\/www.interaccionnoticias.com.mx\/index.php?rest_route=%2Fwp%2Fv2%2Ftags&post=24841"}],"curies":[{"name":"wp","href":"https:\/\/api.w.org\/{rel}","templated":true}]}}