{"id":24838,"date":"2019-05-05T19:13:27","date_gmt":"2019-05-06T00:13:27","guid":{"rendered":"http:\/\/www.inter-accion.com.mx\/?p=24838"},"modified":"2019-05-05T19:13:27","modified_gmt":"2019-05-06T00:13:27","slug":"mensaje-dea-dirigente-estatal-del-prd-ricardo-barrientos-rios-en-ocasion-de-celebrarse-el-30-aniversario-del-sol-azteca","status":"publish","type":"post","link":"https:\/\/www.interaccionnoticias.com.mx\/?p=24838","title":{"rendered":"Mensaje dea dirigente estatal del PRD, Ricardo Barrientos R\u00edos, en ocasi\u00f3n de celebrarse el 30 aniversario del Sol Azteca"},"content":{"rendered":"<p><strong>Teloloapan, Guerrero, 5 de mayo de 2019.-<\/strong><br \/>\nEl dia de hoy conmemoramos el 30 aniversario del PRD como Instituto Pol\u00edtico.<br \/>\n30 a\u00f1os de lucha constante por la democracia en M\u00e9xico, defendiendo siempre los derechos de las minor\u00edas y de los m\u00e1s necesitados.<br \/>\nSomos el partido que desde su fundacion ha trabajado para que sean reconocidos los derechos de los guerrerenses, impulsando verdaderos programas que impulsen el bienestar de las familias.<br \/>\nAsimismo, desde este medio, hago un llamado a todos mis amigos que encabezan un gobierno de izquierda para que desempe\u00f1en sus funciones con total responsabilidad y en pro de la ciudadan\u00eda.<br \/>\nTrabajemos de la mano para hacer realidad nuestro sue\u00f1o, tu sue\u00f1o: Un pa\u00eds m\u00e1s justo y equitativo.<br \/>\nDemos frente a las nuevas oportunidades que nuestro Estado y nuestro M\u00e9xico nos ofrecen, porque sabemos que #JuntosEsPosible.<\/p>\n","protected":false},"excerpt":{"rendered":"<p>Teloloapan, Guerrero, 5 de mayo de 2019.- El dia de hoy conmemoramos el 30 aniversario del PRD como Instituto Pol\u00edtico. 30 a\u00f1os de lucha constante por la democracia en M\u00e9xico,&hellip; <\/p>\n","protected":false},"author":1,"featured_media":0,"comment_status":"closed","ping_status":"closed","sticky":false,"template":"","format":"standard","meta":{"fifu_image_url":"","fifu_image_alt":"","footnotes":""},"categories":[8,18],"tags":[],"class_list":["post-24838","post","type-post","status-publish","format-standard","hentry","category-featured","category-partidos-politicos"],"_links":{"self":[{"href":"https:\/\/www.interaccionnoticias.com.mx\/index.php?rest_route=\/wp\/v2\/posts\/24838","targetHints":{"allow":["GET"]}}],"collection":[{"href":"https:\/\/www.interaccionnoticias.com.mx\/index.php?rest_route=\/wp\/v2\/posts"}],"about":[{"href":"https:\/\/www.interaccionnoticias.com.mx\/index.php?rest_route=\/wp\/v2\/types\/post"}],"author":[{"embeddable":true,"href":"https:\/\/www.interaccionnoticias.com.mx\/index.php?rest_route=\/wp\/v2\/users\/1"}],"replies":[{"embeddable":true,"href":"https:\/\/www.interaccionnoticias.com.mx\/index.php?rest_route=%2Fwp%2Fv2%2Fcomments&post=24838"}],"version-history":[{"count":0,"href":"https:\/\/www.interaccionnoticias.com.mx\/index.php?rest_route=\/wp\/v2\/posts\/24838\/revisions"}],"wp:attachment":[{"href":"https:\/\/www.interaccionnoticias.com.mx\/index.php?rest_route=%2Fwp%2Fv2%2Fmedia&parent=24838"}],"wp:term":[{"taxonomy":"category","embeddable":true,"href":"https:\/\/www.interaccionnoticias.com.mx\/index.php?rest_route=%2Fwp%2Fv2%2Fcategories&post=24838"},{"taxonomy":"post_tag","embeddable":true,"href":"https:\/\/www.interaccionnoticias.com.mx\/index.php?rest_route=%2Fwp%2Fv2%2Ftags&post=24838"}],"curies":[{"name":"wp","href":"https:\/\/api.w.org\/{rel}","templated":true}]}}