{"id":24835,"date":"2019-05-05T17:47:41","date_gmt":"2019-05-05T22:47:41","guid":{"rendered":"http:\/\/www.inter-accion.com.mx\/?p=24835"},"modified":"2019-05-05T17:47:41","modified_gmt":"2019-05-05T22:47:41","slug":"probable-incorporacion-al-fone-de-2-mil-800-trabajadores","status":"publish","type":"post","link":"https:\/\/www.interaccionnoticias.com.mx\/?p=24835","title":{"rendered":"Probable incorporaci\u00f3n al Fone de 2 mil 800 trabajadores"},"content":{"rendered":"<p><strong>Disminuir\u00eda la cifra de 5 mil 743 plazas sin techo presupuestal en la federaci\u00f3n<\/strong><br \/>\nEl gobierno federal abri\u00f3 la posibilidad de incorporar al Fondo de Aportaciones para la N\u00f3mina Educativa (Fone) a 2 mil 800 trabajadores que se encuentran fuera del techo presupuestal.<br \/>\nEl secretario de Finanzas y Administraci\u00f3n de Guerrero, Tulio P\u00e9rez Calvo, dijo que ha insistido en las gestiones ante el gobierno federal para regularizar la situaci\u00f3n de 4 mil 743 trabajadores que est\u00e1n fuera del techo presupuestal.<br \/>\nDerivado de dichas gestiones, dijo que las secretar\u00edas de Hacienda y de Educaci\u00f3n P\u00fablica federal aseguraron poco m\u00e1s de 204 millones de pesos para incentivar la jubilaci\u00f3n de 2 mil 800 trabajadores que s\u00ed est\u00e1n incorporados al Fone.<br \/>\nDe esa manera, se abrir\u00e1 igual n\u00famero de espacios para inscribir en la n\u00f3mina federal al 59 por ciento de los profesores en situaci\u00f3n irregular en el mes de julio, con el inicio del nuevo ciclo escolar.<br \/>\nSin embargo, P\u00e9rez Calvo consider\u00f3 que derivado de las movilizaciones del magisterio, el gobierno federal podr\u00eda incorporar al Fone al 100 por ciento de los trabajadores en el mismo periodo.<br \/>\nPor lo pronto, indic\u00f3 que el gobierno del estado est\u00e1 cubriendo las quincenas de los trabajadores que est\u00e1n fuera de Fone. Despu\u00e9s, ese recurso se concilia y es restituido por el gobierno federal.<br \/>\nDe las nueve quincenas que se han pagado este a\u00f1o, la Federaci\u00f3n ya devolvi\u00f3 cinco al gobierno del estado.<br \/>\nRespecto al sector salud, P\u00e9rez Calvo inform\u00f3 que hay m\u00e1s de cinco mil trabajadores fuera del techo presupuestal.<br \/>\nPor ese motivo, dijo que la Secretar\u00eda de Salud estatal ha tenido que cubrir sus salarios \u00abcon recursos de otros programas y peor a\u00fan, con recursos de impuestos que se tienen que entregar a la Federaci\u00f3n\u00bb.<br \/>\nPor ello dijo que el secretario de Salud federal, Jorge Alcocer Varela, firm\u00f3 un acuerdo con ocho gobernadores, entre ellos el de Guerrero, H\u00e9ctor Astudillo Flores, para federalizar los servicios de salud.<\/p>\n","protected":false},"excerpt":{"rendered":"<p>Disminuir\u00eda la cifra de 5 mil 743 plazas sin techo presupuestal en la federaci\u00f3n El gobierno federal abri\u00f3 la posibilidad de incorporar al Fondo de Aportaciones para la N\u00f3mina Educativa&hellip; <\/p>\n","protected":false},"author":1,"featured_media":0,"comment_status":"closed","ping_status":"closed","sticky":false,"template":"","format":"standard","meta":{"fifu_image_url":"","fifu_image_alt":"","footnotes":""},"categories":[8,11],"tags":[],"class_list":["post-24835","post","type-post","status-publish","format-standard","hentry","category-featured","category-guerrero"],"_links":{"self":[{"href":"https:\/\/www.interaccionnoticias.com.mx\/index.php?rest_route=\/wp\/v2\/posts\/24835","targetHints":{"allow":["GET"]}}],"collection":[{"href":"https:\/\/www.interaccionnoticias.com.mx\/index.php?rest_route=\/wp\/v2\/posts"}],"about":[{"href":"https:\/\/www.interaccionnoticias.com.mx\/index.php?rest_route=\/wp\/v2\/types\/post"}],"author":[{"embeddable":true,"href":"https:\/\/www.interaccionnoticias.com.mx\/index.php?rest_route=\/wp\/v2\/users\/1"}],"replies":[{"embeddable":true,"href":"https:\/\/www.interaccionnoticias.com.mx\/index.php?rest_route=%2Fwp%2Fv2%2Fcomments&post=24835"}],"version-history":[{"count":0,"href":"https:\/\/www.interaccionnoticias.com.mx\/index.php?rest_route=\/wp\/v2\/posts\/24835\/revisions"}],"wp:attachment":[{"href":"https:\/\/www.interaccionnoticias.com.mx\/index.php?rest_route=%2Fwp%2Fv2%2Fmedia&parent=24835"}],"wp:term":[{"taxonomy":"category","embeddable":true,"href":"https:\/\/www.interaccionnoticias.com.mx\/index.php?rest_route=%2Fwp%2Fv2%2Fcategories&post=24835"},{"taxonomy":"post_tag","embeddable":true,"href":"https:\/\/www.interaccionnoticias.com.mx\/index.php?rest_route=%2Fwp%2Fv2%2Ftags&post=24835"}],"curies":[{"name":"wp","href":"https:\/\/api.w.org\/{rel}","templated":true}]}}