{"id":2482,"date":"2017-03-02T20:44:47","date_gmt":"2017-03-03T02:44:47","guid":{"rendered":"http:\/\/www.inter-accion.com.mx\/?p=2482"},"modified":"2017-03-02T20:44:47","modified_gmt":"2017-03-03T02:44:47","slug":"tlachinollan-que-se-proceda-contra-las-falsas-policias-comunitarias","status":"publish","type":"post","link":"https:\/\/www.interaccionnoticias.com.mx\/?p=2482","title":{"rendered":"Tlachinollan: Que se proceda contra las falsas polic\u00edas comunitarias"},"content":{"rendered":"<ul>\n<li>Muchas est\u00e1n m\u00e1s ligadas a la delincuencia<\/li>\n<\/ul>\n<p>&nbsp;<br \/>\n&nbsp;<br \/>\nEl director del Centro de Derechos Humanos de la Monta\u00f1a (CDHM), Tlachinollan, Abel Barrera Hern\u00e1ndez sostuvo que el gobern\u00f3 estatal y federal tienen la obligaci\u00f3n de meter en orden a los grupos de civiles armados que mal utilizan el t\u00e9rmino de Polic\u00eda Comunitaria, pues no tienen \u00f3rganos de control internos y tampoco sirven al inter\u00e9s de los pueblos.<br \/>\nBarrera Hern\u00e1ndez, refiri\u00f3 que pese a la pol\u00e9mica que existe en torno al tema, las autoridades saben muy bien quienes est\u00e1n encuadrados en la Ley 701, que permite a los pueblos originarios contar con su propio sistema de organizaci\u00f3n en materia de seguridad p\u00fablica.<br \/>\nReconoci\u00f3 que en los \u00faltimos a\u00f1os ha surgido un problema &nbsp;derivado de los espacios que el Estado dej\u00f3 de atender en materia de prevenci\u00f3n del delito, permitiendo que grupos de ciudadanos tomaran la ruta de la autodefensa, pero que en algunos casos se desviaran de la ruta original y terminaran sirviendo a intereses poco claros.<br \/>\nPrecis\u00f3 que no se habla de polic\u00edas comunitarios cuando solo se trata de gente armada, que instala retenes, realiza operativos y tambi\u00e9n incursiona en los pueblo.<br \/>\n\u201cLa Polic\u00eda Comunitaria tiene su reglamento, sus \u00f3rganos de gobierno internos, sus sistema de reeducaci\u00f3n, su forma de consulta y su sistema para realizar operativos\u201d, anot\u00f3.<br \/>\nIndic\u00f3 que los grupos civiles armados no tienen cuentan con un control, recurrentemente incursionan en los pueblos y solamente generan rechazo, ya que no toman en cuenta a los habitantes de sus comunidades y le apuestan principalmente a la fuerza.<br \/>\nReconoci\u00f3 que el tema es complejo y que en algunos puntos del estado se ha desbordado, principalmente porque el Estad no cumple con sus funciones de proteger y dar seguridad a la poblaci\u00f3n.<br \/>\n\u201cCuando hay vac\u00edos, la gente busca la autodefensa o tambi\u00e9n adopta otra forma que tiene que ver m\u00e1s con expresiones de grupos organizados que apunan m\u00e1s hacia el crimen\u201d, refiri\u00f3.<br \/>\nA pregunta expresa, Barrera Hern\u00e1ndez refiri\u00f3 que las instituciones gubernamentales tienen las atribuciones de establece la ley para determinar quienes son los que est\u00e1n en el sistema de seguridad y justicia comunitaria.<br \/>\nPor eso enfatiz\u00f3: \u201cEl gobierno tiene que actuar contra los que no est\u00e1n cumpliendo con la ley 701, de identificar a quienes utilizan de manera desviada el concepto de polic\u00edas comunitarias\u201d.<br \/>\nInsisti\u00f3 en que la Coordinadora Regional de Autoridades Comunitarias (CRAC) no le apuesta al uso de las armas ni al n\u00famero de elementos, centra su fuerza en la organizaci\u00f3n comunitaria, la consulta, la asamblea de consejeros y sus decisiones nunca se adoptan de manera unilateral.<\/p>\n","protected":false},"excerpt":{"rendered":"<p>Muchas est\u00e1n m\u00e1s ligadas a la delincuencia &nbsp; &nbsp; El director del Centro de Derechos Humanos de la Monta\u00f1a (CDHM), Tlachinollan, Abel Barrera Hern\u00e1ndez sostuvo que el gobern\u00f3 estatal y&hellip; <\/p>\n","protected":false},"author":1,"featured_media":0,"comment_status":"open","ping_status":"open","sticky":false,"template":"","format":"standard","meta":{"fifu_image_url":"","fifu_image_alt":"","footnotes":""},"categories":[8,15],"tags":[],"class_list":["post-2482","post","type-post","status-publish","format-standard","hentry","category-featured","category-movimientos-sociales"],"_links":{"self":[{"href":"https:\/\/www.interaccionnoticias.com.mx\/index.php?rest_route=\/wp\/v2\/posts\/2482","targetHints":{"allow":["GET"]}}],"collection":[{"href":"https:\/\/www.interaccionnoticias.com.mx\/index.php?rest_route=\/wp\/v2\/posts"}],"about":[{"href":"https:\/\/www.interaccionnoticias.com.mx\/index.php?rest_route=\/wp\/v2\/types\/post"}],"author":[{"embeddable":true,"href":"https:\/\/www.interaccionnoticias.com.mx\/index.php?rest_route=\/wp\/v2\/users\/1"}],"replies":[{"embeddable":true,"href":"https:\/\/www.interaccionnoticias.com.mx\/index.php?rest_route=%2Fwp%2Fv2%2Fcomments&post=2482"}],"version-history":[{"count":0,"href":"https:\/\/www.interaccionnoticias.com.mx\/index.php?rest_route=\/wp\/v2\/posts\/2482\/revisions"}],"wp:attachment":[{"href":"https:\/\/www.interaccionnoticias.com.mx\/index.php?rest_route=%2Fwp%2Fv2%2Fmedia&parent=2482"}],"wp:term":[{"taxonomy":"category","embeddable":true,"href":"https:\/\/www.interaccionnoticias.com.mx\/index.php?rest_route=%2Fwp%2Fv2%2Fcategories&post=2482"},{"taxonomy":"post_tag","embeddable":true,"href":"https:\/\/www.interaccionnoticias.com.mx\/index.php?rest_route=%2Fwp%2Fv2%2Ftags&post=2482"}],"curies":[{"name":"wp","href":"https:\/\/api.w.org\/{rel}","templated":true}]}}