{"id":24819,"date":"2019-05-03T21:19:52","date_gmt":"2019-05-04T02:19:52","guid":{"rendered":"http:\/\/www.inter-accion.com.mx\/?p=24819"},"modified":"2019-05-03T21:19:52","modified_gmt":"2019-05-04T02:19:52","slug":"le-explota-bomba-molotov-a-estudiante-de-la-normal-rural-de-ayotzinapa","status":"publish","type":"post","link":"https:\/\/www.interaccionnoticias.com.mx\/?p=24819","title":{"rendered":"Le explota bomba molotov a estudiante de la Normal Rural de Ayotzinapa"},"content":{"rendered":"<p><strong>Fue hospitalizado con una lesi\u00f3n en la mano<\/strong><br \/>\nUn estudiante de la Normal Rural de Ayotzinapa fue ingresado de urgencia en el hospital general Raymundo Abarca Alarc\u00f3n, en la capital del estado, luego de que le estallara en la mano una bomba casera armada con un envase de cristal, gasolina y una mecha.<br \/>\nEl mediod\u00eda del viernes 3 de mayo, se confirm\u00f3 que un joven de aproximados 22 a\u00f1os de edad, quien se identific\u00f3 como Francisco \u201cN\u201d y estudiante de la Normal Rural de Ayotzinapa, ingres\u00f3 al hospital general con una herida muy aparatosa en la mano derecha.<br \/>\nCuando los m\u00e9dicos le cuestionaron sobre que le hab\u00eda pasado, el joven respondi\u00f3 que le hab\u00eda estallado una bomba molotov, cuando se encontraba en la etapa de preparaci\u00f3n.<br \/>\nLa Secretar\u00eda de Salud (Ssa) confirm\u00f3 que para la tarde, el joven solicit\u00f3 su alta voluntaria y se retir\u00f3, luego de que se le hicieran las curaciones elementales.<br \/>\nEste viernes, tres autobuses salieron de la Normal Rural, ubicada en el municipio de Tixtla con direcci\u00f3n a Chilpancingo, pasaron de largo y circularon sobre la Autopista del Sol con direcci\u00f3n al puerto de Acapulco, pero se regresaron cuando circulaban a la altura del valle del Ocotito.<br \/>\nRetornaron a su plantel sin que se generara ning\u00fan incidente.<\/p>\n","protected":false},"excerpt":{"rendered":"<p>Fue hospitalizado con una lesi\u00f3n en la mano Un estudiante de la Normal Rural de Ayotzinapa fue ingresado de urgencia en el hospital general Raymundo Abarca Alarc\u00f3n, en la capital&hellip; <\/p>\n","protected":false},"author":1,"featured_media":0,"comment_status":"closed","ping_status":"closed","sticky":false,"template":"","format":"standard","meta":{"fifu_image_url":"","fifu_image_alt":"","footnotes":""},"categories":[8,15],"tags":[],"class_list":["post-24819","post","type-post","status-publish","format-standard","hentry","category-featured","category-movimientos-sociales"],"_links":{"self":[{"href":"https:\/\/www.interaccionnoticias.com.mx\/index.php?rest_route=\/wp\/v2\/posts\/24819","targetHints":{"allow":["GET"]}}],"collection":[{"href":"https:\/\/www.interaccionnoticias.com.mx\/index.php?rest_route=\/wp\/v2\/posts"}],"about":[{"href":"https:\/\/www.interaccionnoticias.com.mx\/index.php?rest_route=\/wp\/v2\/types\/post"}],"author":[{"embeddable":true,"href":"https:\/\/www.interaccionnoticias.com.mx\/index.php?rest_route=\/wp\/v2\/users\/1"}],"replies":[{"embeddable":true,"href":"https:\/\/www.interaccionnoticias.com.mx\/index.php?rest_route=%2Fwp%2Fv2%2Fcomments&post=24819"}],"version-history":[{"count":0,"href":"https:\/\/www.interaccionnoticias.com.mx\/index.php?rest_route=\/wp\/v2\/posts\/24819\/revisions"}],"wp:attachment":[{"href":"https:\/\/www.interaccionnoticias.com.mx\/index.php?rest_route=%2Fwp%2Fv2%2Fmedia&parent=24819"}],"wp:term":[{"taxonomy":"category","embeddable":true,"href":"https:\/\/www.interaccionnoticias.com.mx\/index.php?rest_route=%2Fwp%2Fv2%2Fcategories&post=24819"},{"taxonomy":"post_tag","embeddable":true,"href":"https:\/\/www.interaccionnoticias.com.mx\/index.php?rest_route=%2Fwp%2Fv2%2Ftags&post=24819"}],"curies":[{"name":"wp","href":"https:\/\/api.w.org\/{rel}","templated":true}]}}