{"id":2478,"date":"2017-03-02T20:35:29","date_gmt":"2017-03-03T02:35:29","guid":{"rendered":"http:\/\/www.inter-accion.com.mx\/?p=2478"},"modified":"2017-03-02T20:35:29","modified_gmt":"2017-03-03T02:35:29","slug":"ya-investigan-el-secuestro-del-ex-presidente-de-la-canacintra-en-chilpancingo","status":"publish","type":"post","link":"https:\/\/www.interaccionnoticias.com.mx\/?p=2478","title":{"rendered":"Ya investigan el secuestro del ex presidente de la CANACINTRA en Chilpancingo"},"content":{"rendered":"<p>* Desde la tarde del 27 de febrero no se le puede localizar<br \/>\n&nbsp;<br \/>\nLa Fiscal\u00eda General del Estado (FGE) inform\u00f3 que ya investiga el secuestro de Omar Cruz Islas, ex presidente de la Canacintra en Chilpancingo, quien desde la tarde del domingo 27 de febrero abandon\u00f3 su negocio en el centro de la ciudad, al parecer presionado por un par de desconocidos.<br \/>\nLa tarde del jueves 2 de febrero, la FGE emiti\u00f3 un comunicado en el que indica el inicio de la carpeta de investigaci\u00f3n encaminada a esclarecer el probable caso de privaci\u00f3n ilegal de la libertad, teniendo al empresario Cruz Islas como v\u00edctima, ex presidente de la C\u00e1mara Nacional de la Industria de &nbsp;Transformaci\u00f3n (Canacintra) en la capital de Guerrero.<br \/>\nLa carpeta de investigaci\u00f3n iniciada en este asunto es la n\u00famero 12021610300031270217, radicada en la capital de Guerrero en contra de quien resulte responsable.<br \/>\nEl comunicado de la FGE indica que los hechos ocurrieron el 27 de febrero pasado, cuando el agraviado se encontraba laborando en su local de internet, ubicado en el centro de la ciudad.<br \/>\nEn la denuncia presentada ante el Ministerio P\u00fablico, los familiares intentaron comunicarse varias veces a su tel\u00e9fono celular pero no obtuvieron respuesta.<br \/>\nLa ma\u00f1ana del mi\u00e9rcoles primero de marzo, integrantes del Grupo Cuicalli, as\u00ed como de la Confederaci\u00f3n Patronal de la Rep\u00fablica Mexicana (Coparmex) solicitaron la intervenci\u00f3n del gobernador del estado, H\u00e9ctor Astudillo Flores ante la desaparici\u00f3n de Cruz Islas, por lo que el jefe del Ejecutivo local se reuni\u00f3 con ellos en la residencia oficial Casa Guerrero.<br \/>\nLa Coparmex anunci\u00f3 que en caso de que se requiera, sus agremiados realizar\u00e1n una colecta para recabar la cantidad que los captores requieran, aunque haste el momento de la declaraci\u00f3n no se ten\u00edan reportes de alguna petici\u00f3n en ese sentido.<\/p>\n","protected":false},"excerpt":{"rendered":"<p>* Desde la tarde del 27 de febrero no se le puede localizar &nbsp; La Fiscal\u00eda General del Estado (FGE) inform\u00f3 que ya investiga el secuestro de Omar Cruz Islas,&hellip; <\/p>\n","protected":false},"author":1,"featured_media":0,"comment_status":"open","ping_status":"open","sticky":false,"template":"","format":"standard","meta":{"fifu_image_url":"","fifu_image_alt":"","footnotes":""},"categories":[13,8],"tags":[],"class_list":["post-2478","post","type-post","status-publish","format-standard","hentry","category-capital","category-featured"],"_links":{"self":[{"href":"https:\/\/www.interaccionnoticias.com.mx\/index.php?rest_route=\/wp\/v2\/posts\/2478","targetHints":{"allow":["GET"]}}],"collection":[{"href":"https:\/\/www.interaccionnoticias.com.mx\/index.php?rest_route=\/wp\/v2\/posts"}],"about":[{"href":"https:\/\/www.interaccionnoticias.com.mx\/index.php?rest_route=\/wp\/v2\/types\/post"}],"author":[{"embeddable":true,"href":"https:\/\/www.interaccionnoticias.com.mx\/index.php?rest_route=\/wp\/v2\/users\/1"}],"replies":[{"embeddable":true,"href":"https:\/\/www.interaccionnoticias.com.mx\/index.php?rest_route=%2Fwp%2Fv2%2Fcomments&post=2478"}],"version-history":[{"count":0,"href":"https:\/\/www.interaccionnoticias.com.mx\/index.php?rest_route=\/wp\/v2\/posts\/2478\/revisions"}],"wp:attachment":[{"href":"https:\/\/www.interaccionnoticias.com.mx\/index.php?rest_route=%2Fwp%2Fv2%2Fmedia&parent=2478"}],"wp:term":[{"taxonomy":"category","embeddable":true,"href":"https:\/\/www.interaccionnoticias.com.mx\/index.php?rest_route=%2Fwp%2Fv2%2Fcategories&post=2478"},{"taxonomy":"post_tag","embeddable":true,"href":"https:\/\/www.interaccionnoticias.com.mx\/index.php?rest_route=%2Fwp%2Fv2%2Ftags&post=2478"}],"curies":[{"name":"wp","href":"https:\/\/api.w.org\/{rel}","templated":true}]}}