{"id":24708,"date":"2019-04-30T17:59:06","date_gmt":"2019-04-30T22:59:06","guid":{"rendered":"http:\/\/www.inter-accion.com.mx\/?p=24708"},"modified":"2019-04-30T17:59:06","modified_gmt":"2019-04-30T22:59:06","slug":"congreso-de-guerrero-no-tiene-postura-ante-la-reforma-educativa-federal","status":"publish","type":"post","link":"https:\/\/www.interaccionnoticias.com.mx\/?p=24708","title":{"rendered":"Congreso de Guerrero no tiene postura ante la Reforma Educativa federal"},"content":{"rendered":"<p><strong>Pero ofrece la oportunidad de permitir que los maestros disidentes se hagan escuchar<\/strong><br \/>\nEl presidente de la Junta de Coordinaci\u00f3n Pol\u00edtica (Jucopo) del Congreso local, Antonio Helguera Jim\u00e9nez se abstuvo de fijar una postura en torno a la Reforma Educativa aprobada en la C\u00e1mara de diputados federales, pero ofreci\u00f3 la tribuna del Poder Legislativo para los maestros que quieran utilizarla durante las protestas que habr\u00e1n de realizar.<br \/>\nEn las instalaciones del Poder Legislativo de Guerrero, el presidente de la Jucopo se\u00f1al\u00f3 en un primer instante que es la Coordinadora Nacional de Trabajadores de la Educaci\u00f3n (CNTE) y en el caso de Guerrero la CETEG, la que debe reflexionar los t\u00e9rminos en los que fue aprobada la Reforma Educativa en el Congreso de la Uni\u00f3n, para en su momento hacer los comentarios correspondientes.<br \/>\nDestac\u00f3 que tanto la CNTE como en la CETEG existe la certeza de que los Congresos locales no tienen facultades para incidir en la redacci\u00f3n de una reforma de esa dimensi\u00f3n, por lo que desestim\u00f3 la posibilidad de que haya un acto de presi\u00f3n hacia los diputados locales.<br \/>\nSin embargo, el coordinador de la fracci\u00f3n parlamentaria del Movimiento de Regeneraci\u00f3n Nacional (Morena) destac\u00f3: \u201cExclusivamente, como la vez pasada, se les puede satisfacer la demanda de hacerse escuchar\u201d.<br \/>\nAunque las reformas constitucionales deben recibir el visto bueno de la mayor\u00eda de los Congresos locales, dijo que en el caso de Guerrero, los diputados todav\u00eda no tienen una postura definida.<br \/>\n\u201cEsa es una iniciativa que en su momento nosotros aqu\u00ed vamos a valorar\u201d, dijo ante la posibilidad de otorgar el respaldo a la postura de la CNTE y la CETEG, que no est\u00e1n de acuerdo con la modificaci\u00f3n aprobada en el Congreso federal.<\/p>\n","protected":false},"excerpt":{"rendered":"<p>Pero ofrece la oportunidad de permitir que los maestros disidentes se hagan escuchar El presidente de la Junta de Coordinaci\u00f3n Pol\u00edtica (Jucopo) del Congreso local, Antonio Helguera Jim\u00e9nez se abstuvo&hellip; <\/p>\n","protected":false},"author":1,"featured_media":0,"comment_status":"closed","ping_status":"closed","sticky":false,"template":"","format":"standard","meta":{"fifu_image_url":"","fifu_image_alt":"","footnotes":""},"categories":[2,8],"tags":[],"class_list":["post-24708","post","type-post","status-publish","format-standard","hentry","category-congreso","category-featured"],"_links":{"self":[{"href":"https:\/\/www.interaccionnoticias.com.mx\/index.php?rest_route=\/wp\/v2\/posts\/24708","targetHints":{"allow":["GET"]}}],"collection":[{"href":"https:\/\/www.interaccionnoticias.com.mx\/index.php?rest_route=\/wp\/v2\/posts"}],"about":[{"href":"https:\/\/www.interaccionnoticias.com.mx\/index.php?rest_route=\/wp\/v2\/types\/post"}],"author":[{"embeddable":true,"href":"https:\/\/www.interaccionnoticias.com.mx\/index.php?rest_route=\/wp\/v2\/users\/1"}],"replies":[{"embeddable":true,"href":"https:\/\/www.interaccionnoticias.com.mx\/index.php?rest_route=%2Fwp%2Fv2%2Fcomments&post=24708"}],"version-history":[{"count":0,"href":"https:\/\/www.interaccionnoticias.com.mx\/index.php?rest_route=\/wp\/v2\/posts\/24708\/revisions"}],"wp:attachment":[{"href":"https:\/\/www.interaccionnoticias.com.mx\/index.php?rest_route=%2Fwp%2Fv2%2Fmedia&parent=24708"}],"wp:term":[{"taxonomy":"category","embeddable":true,"href":"https:\/\/www.interaccionnoticias.com.mx\/index.php?rest_route=%2Fwp%2Fv2%2Fcategories&post=24708"},{"taxonomy":"post_tag","embeddable":true,"href":"https:\/\/www.interaccionnoticias.com.mx\/index.php?rest_route=%2Fwp%2Fv2%2Ftags&post=24708"}],"curies":[{"name":"wp","href":"https:\/\/api.w.org\/{rel}","templated":true}]}}