{"id":24671,"date":"2019-04-29T19:04:13","date_gmt":"2019-04-30T00:04:13","guid":{"rendered":"http:\/\/www.inter-accion.com.mx\/?p=24671"},"modified":"2019-04-29T19:04:13","modified_gmt":"2019-04-30T00:04:13","slug":"hasta-ovnis-visitaron-acapulco-durante-la-semana-santa","status":"publish","type":"post","link":"https:\/\/www.interaccionnoticias.com.mx\/?p=24671","title":{"rendered":"Hasta ovnis visitaron Acapulco, durante la Semana Santa"},"content":{"rendered":"<p><img loading=\"lazy\" decoding=\"async\" src=\"data:image\/gif;base64,R0lGODlhAQABAIAAAAAAAP\/\/\/ywAAAAAAQABAAACAUwAOw==\" fifu-lazy=\"1\" fifu-data-sizes=\"auto\" fifu-data-srcset=\"https:\/\/i2.wp.com\/www.inter-accion.com.mx\/wp-content\/uploads\/2019\/04\/2-300x200.jpg?ssl=1&w=75&resize=75&ssl=1 75w, https:\/\/i2.wp.com\/www.inter-accion.com.mx\/wp-content\/uploads\/2019\/04\/2-300x200.jpg?ssl=1&w=100&resize=100&ssl=1 100w, https:\/\/i2.wp.com\/www.inter-accion.com.mx\/wp-content\/uploads\/2019\/04\/2-300x200.jpg?ssl=1&w=150&resize=150&ssl=1 150w, https:\/\/i2.wp.com\/www.inter-accion.com.mx\/wp-content\/uploads\/2019\/04\/2-300x200.jpg?ssl=1&w=240&resize=240&ssl=1 240w, https:\/\/i2.wp.com\/www.inter-accion.com.mx\/wp-content\/uploads\/2019\/04\/2-300x200.jpg?ssl=1&w=320&resize=320&ssl=1 320w, https:\/\/i2.wp.com\/www.inter-accion.com.mx\/wp-content\/uploads\/2019\/04\/2-300x200.jpg?ssl=1&w=500&resize=500&ssl=1 500w, https:\/\/i2.wp.com\/www.inter-accion.com.mx\/wp-content\/uploads\/2019\/04\/2-300x200.jpg?ssl=1&w=640&resize=640&ssl=1 640w, https:\/\/i2.wp.com\/www.inter-accion.com.mx\/wp-content\/uploads\/2019\/04\/2-300x200.jpg?ssl=1&w=800&resize=800&ssl=1 800w, https:\/\/i2.wp.com\/www.inter-accion.com.mx\/wp-content\/uploads\/2019\/04\/2-300x200.jpg?ssl=1&w=1024&resize=1024&ssl=1 1024w, https:\/\/i2.wp.com\/www.inter-accion.com.mx\/wp-content\/uploads\/2019\/04\/2-300x200.jpg?ssl=1&w=1280&resize=1280&ssl=1 1280w, https:\/\/i2.wp.com\/www.inter-accion.com.mx\/wp-content\/uploads\/2019\/04\/2-300x200.jpg?ssl=1&w=1600&resize=1600&ssl=1 1600w\" class=\"alignnone size-medium wp-image-24672\" fifu-data-src=\"https:\/\/i2.wp.com\/www.inter-accion.com.mx\/wp-content\/uploads\/2019\/04\/2-300x200.jpg?ssl=1\" alt=\"\" width=\"300\" height=\"200\"><br \/>\nPor Javier Trujillo<br \/>\nAcapulco, Gro. \u2013 Durante el periodo vacacional de Semana Santa y de Pascual, la s\u00edndica procuradora, Leticia Castro Ortiz, revel\u00f3 que durante un vuelo de reconocimiento se logr\u00f3 observar un OVNI.<br \/>\n\u201cAcapulco no solamente es reconocido a nivel nacional y mundial o de este planeta (por los turistas). Si no fuera del planeta.<br \/>\n\u201cEl avistamiento ocurri\u00f3 el pasado 14 de abril, por la zona rural de El Quemado, en el \u00e1rea conurbada de Acapulco\u201d, presumi\u00f3 la s\u00edndica procuradora de Acapulco, Leticia Castro Ort\u00edz, durante la presentaci\u00f3n de resultados de los dos helic\u00f3pteros durante el periodo vacacional.<br \/>\nExplic\u00f3 que con las dos aeronaves se realizaron vuelos de reconocimiento y se pudieron ubicar incendios forestales, tr\u00e1fico vehicular, descarga de aguas negras al mar, dos motos acu\u00e1ticas varadas en la bah\u00eda de Acapulco, y un banco de tiburones y mantarrayas en la playa de Revolcadero.<br \/>\nDe esa forma, justific\u00f3 la presencia de dos aeronaves que volaron durante todo el periodo vacacional de Semana Santa y de Pascua, las cuales pretende sea arrendadas por la nueva administraci\u00f3n.<\/p>\n","protected":false},"excerpt":{"rendered":"<p>Por Javier Trujillo Acapulco, Gro. \u2013 Durante el periodo vacacional de Semana Santa y de Pascual, la s\u00edndica procuradora, Leticia Castro Ortiz, revel\u00f3 que durante un vuelo de reconocimiento se&hellip; <\/p>\n","protected":false},"author":1,"featured_media":0,"comment_status":"closed","ping_status":"closed","sticky":false,"template":"","format":"standard","meta":{"fifu_image_url":"","fifu_image_alt":"","footnotes":""},"categories":[8,29],"tags":[],"class_list":["post-24671","post","type-post","status-publish","format-standard","hentry","category-featured","category-sociedad"],"_links":{"self":[{"href":"https:\/\/www.interaccionnoticias.com.mx\/index.php?rest_route=\/wp\/v2\/posts\/24671","targetHints":{"allow":["GET"]}}],"collection":[{"href":"https:\/\/www.interaccionnoticias.com.mx\/index.php?rest_route=\/wp\/v2\/posts"}],"about":[{"href":"https:\/\/www.interaccionnoticias.com.mx\/index.php?rest_route=\/wp\/v2\/types\/post"}],"author":[{"embeddable":true,"href":"https:\/\/www.interaccionnoticias.com.mx\/index.php?rest_route=\/wp\/v2\/users\/1"}],"replies":[{"embeddable":true,"href":"https:\/\/www.interaccionnoticias.com.mx\/index.php?rest_route=%2Fwp%2Fv2%2Fcomments&post=24671"}],"version-history":[{"count":0,"href":"https:\/\/www.interaccionnoticias.com.mx\/index.php?rest_route=\/wp\/v2\/posts\/24671\/revisions"}],"wp:attachment":[{"href":"https:\/\/www.interaccionnoticias.com.mx\/index.php?rest_route=%2Fwp%2Fv2%2Fmedia&parent=24671"}],"wp:term":[{"taxonomy":"category","embeddable":true,"href":"https:\/\/www.interaccionnoticias.com.mx\/index.php?rest_route=%2Fwp%2Fv2%2Fcategories&post=24671"},{"taxonomy":"post_tag","embeddable":true,"href":"https:\/\/www.interaccionnoticias.com.mx\/index.php?rest_route=%2Fwp%2Fv2%2Ftags&post=24671"}],"curies":[{"name":"wp","href":"https:\/\/api.w.org\/{rel}","templated":true}]}}