{"id":24663,"date":"2019-04-26T21:31:57","date_gmt":"2019-04-27T02:31:57","guid":{"rendered":"http:\/\/www.inter-accion.com.mx\/?p=24663"},"modified":"2019-04-26T21:31:57","modified_gmt":"2019-04-27T02:31:57","slug":"entregan-conclusiones-de-los-foros-de-paz-de-la-sierra-de-guerrero-al-representante-del-gobierno-federal","status":"publish","type":"post","link":"https:\/\/www.interaccionnoticias.com.mx\/?p=24663","title":{"rendered":"ENTREGAN CONCLUSIONES DE LOS FOROS DE PAZ DE LA SIERRA DE GUERRERO AL REPRESENTANTE DEL GOBIERNO FEDERAL"},"content":{"rendered":"<p>\u201cEl tema de la pacificaci\u00f3n en Guerrero es un tema medular para el desarrollo de nuestro estado y los comit\u00e9s de paz van a ser una fuente fundamental para calmar a nuestro estado\u201d, afirm\u00f3 el diputado Servando Salgado Guzm\u00e1n.<br \/>\nLo anterior en el marco de la entrega personal que realiz\u00f3 el coordinador de los foros y Enlace Ciudadano para la Pacificaci\u00f3n y Desarrollo de Guerrero, \u00c1lvaro Urreta Fern\u00e1ndez, al delegado del Gobierno Federal, Pablo Almilcar Sandoval Ballesteros.<br \/>\nPara la realizaci\u00f3n de los foros y la integraci\u00f3n de las conclusiones, la Comisi\u00f3n Especial de la Regionalizaci\u00f3n de la Sierra del Estado de Guerrero para la Paz y Armon\u00eda de sus Pueblos del Congreso de Guerrero, tuvo una importante participaci\u00f3n.<br \/>\nEn su intervenci\u00f3n Salgado Guzm\u00e1n, presidente de la Comisi\u00f3n Especial agradeci\u00f3 a Sandoval Ballesteros la atenci\u00f3n recibida:<br \/>\n\u201cYo te quiero agradecer compa\u00f1ero Pablo Amilcar, delegado federal por recibirnos en tus oficinas, yo creo que es muy importante tu participaci\u00f3n no solo en la Sierra de Guerrero sino en todo el estado, yo te agradezco que nos atiendas y que sea un gobierno abierto y que escucha a la gente, a los m\u00e1s necesitados y los m\u00e1s vulnerables que en este momento son de la Sierra de Guerrero\u201d.<br \/>\nAl acto acudi\u00f3 tambi\u00e9n el diputado Adalid P\u00e9rez Galeana, vocal de la Comisi\u00f3n Especial y cabe destacar que las conclusiones de los foros de paz se encuentran en m\u00e1s de 20 carpetas que integran cerca de 500 documentos que fueron recabados en las distintas localidades y municipios donde tuvieron lugar las reuniones.<br \/>\nDe la reuni\u00f3n con el delegado federal, se generaron propuestas para dar seguimiento, mismas que se agregar\u00edan al plan \u00fanico de desarrollo integral de la Sierra y que abarcan temas como medio ambiente, producci\u00f3n, salud, caminos, bienestar social, pacificaci\u00f3n, derechos humanos y desarrollo cultural entre otros.<br \/>\nAlgunas de las propuestas son que se fortalezcan las reuniones micro regionales para la pacificaci\u00f3n y el desarrollo de la Sierra; que desde la delegaci\u00f3n federal se coordinen reuniones tem\u00e1ticas con las dependencias federales y estatales, reuniones de seguridad, de educaci\u00f3n, etc\u00e9tera; realizaci\u00f3n de reuniones bimensuales en las que se eval\u00fae el avance y donde se puedan ir integrando participantes tambi\u00e9n del gobierno del estado.<br \/>\nPor su parte el delegado del Gobierno federal, inform\u00f3 que ya se cuentan con un programa especial para la Sierra y que pr\u00f3ximamente ser\u00e1 dado a conocer.<br \/>\nDe igual manera tambi\u00e9n se propuso se nombre un comisionado especial para la Sierra de Guerrero.<br \/>\nLa entrega se realiz\u00f3 en las instalaciones de la Secretar\u00eda del Bienestar ubicadas en la colonia Bur\u00f3cratas, de esta ciudad capital.<br \/>\nAl acto acudi representantes de diversas organizaciones de la Sierra, como Arturo Garc\u00eda del Movimiento Plan de Ayala Siglo XXI, Modesto Rauda Wences del ejido R\u00edo Fr\u00edo de los Fresnos; Susana Lucho Texta y Sara Hern\u00e1ndez; entre otros, as\u00ed como autoridades municipales como el alcalde del municipio de Leonardo Bravo, Ismael C\u00e1stulo Guzm\u00e1n y el regidor de Tecpan, Emeterio Gama Quirino, entre otros.<\/p>\n","protected":false},"excerpt":{"rendered":"<p>\u201cEl tema de la pacificaci\u00f3n en Guerrero es un tema medular para el desarrollo de nuestro estado y los comit\u00e9s de paz van a ser una fuente fundamental para calmar&hellip; <\/p>\n","protected":false},"author":1,"featured_media":0,"comment_status":"closed","ping_status":"closed","sticky":false,"template":"","format":"standard","meta":{"fifu_image_url":"","fifu_image_alt":"","footnotes":""},"categories":[8,18],"tags":[],"class_list":["post-24663","post","type-post","status-publish","format-standard","hentry","category-featured","category-partidos-politicos"],"_links":{"self":[{"href":"https:\/\/www.interaccionnoticias.com.mx\/index.php?rest_route=\/wp\/v2\/posts\/24663","targetHints":{"allow":["GET"]}}],"collection":[{"href":"https:\/\/www.interaccionnoticias.com.mx\/index.php?rest_route=\/wp\/v2\/posts"}],"about":[{"href":"https:\/\/www.interaccionnoticias.com.mx\/index.php?rest_route=\/wp\/v2\/types\/post"}],"author":[{"embeddable":true,"href":"https:\/\/www.interaccionnoticias.com.mx\/index.php?rest_route=\/wp\/v2\/users\/1"}],"replies":[{"embeddable":true,"href":"https:\/\/www.interaccionnoticias.com.mx\/index.php?rest_route=%2Fwp%2Fv2%2Fcomments&post=24663"}],"version-history":[{"count":0,"href":"https:\/\/www.interaccionnoticias.com.mx\/index.php?rest_route=\/wp\/v2\/posts\/24663\/revisions"}],"wp:attachment":[{"href":"https:\/\/www.interaccionnoticias.com.mx\/index.php?rest_route=%2Fwp%2Fv2%2Fmedia&parent=24663"}],"wp:term":[{"taxonomy":"category","embeddable":true,"href":"https:\/\/www.interaccionnoticias.com.mx\/index.php?rest_route=%2Fwp%2Fv2%2Fcategories&post=24663"},{"taxonomy":"post_tag","embeddable":true,"href":"https:\/\/www.interaccionnoticias.com.mx\/index.php?rest_route=%2Fwp%2Fv2%2Ftags&post=24663"}],"curies":[{"name":"wp","href":"https:\/\/api.w.org\/{rel}","templated":true}]}}