{"id":24656,"date":"2019-04-26T20:37:00","date_gmt":"2019-04-27T01:37:00","guid":{"rendered":"http:\/\/www.inter-accion.com.mx\/?p=24656"},"modified":"2019-04-26T20:37:00","modified_gmt":"2019-04-27T01:37:00","slug":"mas-de-400-personas-combaten-incendio-forestal-en-taxco","status":"publish","type":"post","link":"https:\/\/www.interaccionnoticias.com.mx\/?p=24656","title":{"rendered":"M\u00e1s de 400 personas combaten incendio forestal en Taxco"},"content":{"rendered":"<p><strong>Se estiman alrededor de 200 hect\u00e1reas afectadas<\/strong><br \/>\nLa Secretar\u00eda de Protecci\u00f3n Civil del estado confirm\u00f3 que hay m\u00e1s de 400 personas, entre brigadstas y voluntarios que participan en el combate a un incedio forestal que se registra en el cerro del Huixteco, en el municipio de Taxco de Alarc\u00f3n.<br \/>\nEl combate al siniestro, de acuerdo con la dependencia, se desarrolla de manera coordinada entre PC, la Comisi\u00f3n Nacional Forestal (Conafor) y una cantidad importante de pobladores que se ofrecieron como voluntarios, ante la gravedad del siniestro.<br \/>\nLa dependencia indic\u00f3 que los vientos que se registran en la zona favorecen la propagaci\u00f3n de las llamas, lo que dificulta la sofocaci\u00f3n total y hasta el momento se estima una afectaci\u00f3n que supera las 200 hect\u00e1reas, entre arbustos y pastizales.<br \/>\nAl mediod\u00eda, Protecci\u00f3n Civil inform\u00f3 que el incendio en el Huixteco estaba controlado en un 90 por ciento, sin embargo, entrada la noche se reconoci\u00f3 que hab\u00eda dificultades para sofocarlo por completo.<br \/>\nLos brigadistas trabajan en coordinaci\u00f3n con autoridades municipales y grupos voluntarios de las localidades de El Potrero, La Calavera, Acamixtla y Autopista Rancho Viejo.<br \/>\nSolo en la jornada del viernes, PC, Conafor y la Secretar\u00eda de Medio Ambiente y Recursos Naturales reportaban la atenci\u00f3n a 18 incendios forestales en diferentes puntos de la geograf\u00eda guerrerense.<br \/>\nSe anota que de enero a la fecha se han contabilizado 120 siniestros, cuya p\u00e9rdida asciende a poco m\u00e1s de 10 mil 919 hect\u00e1reas de zonas de arbustos y pastizales.<br \/>\nCon base al recuento oficial, se anota que Chilpancingo el municipio m\u00e1s afectado con 25 conflagraciones, le sigue Acapulco con 24, Atoyac de \u00c1lvarez y Eduardo Neri con seis casos, respectivamente.<\/p>\n","protected":false},"excerpt":{"rendered":"<p>Se estiman alrededor de 200 hect\u00e1reas afectadas La Secretar\u00eda de Protecci\u00f3n Civil del estado confirm\u00f3 que hay m\u00e1s de 400 personas, entre brigadstas y voluntarios que participan en el combate&hellip; <\/p>\n","protected":false},"author":1,"featured_media":0,"comment_status":"closed","ping_status":"closed","sticky":false,"template":"","format":"standard","meta":{"fifu_image_url":"","fifu_image_alt":"","footnotes":""},"categories":[8,23],"tags":[],"class_list":["post-24656","post","type-post","status-publish","format-standard","hentry","category-featured","category-regionales"],"_links":{"self":[{"href":"https:\/\/www.interaccionnoticias.com.mx\/index.php?rest_route=\/wp\/v2\/posts\/24656","targetHints":{"allow":["GET"]}}],"collection":[{"href":"https:\/\/www.interaccionnoticias.com.mx\/index.php?rest_route=\/wp\/v2\/posts"}],"about":[{"href":"https:\/\/www.interaccionnoticias.com.mx\/index.php?rest_route=\/wp\/v2\/types\/post"}],"author":[{"embeddable":true,"href":"https:\/\/www.interaccionnoticias.com.mx\/index.php?rest_route=\/wp\/v2\/users\/1"}],"replies":[{"embeddable":true,"href":"https:\/\/www.interaccionnoticias.com.mx\/index.php?rest_route=%2Fwp%2Fv2%2Fcomments&post=24656"}],"version-history":[{"count":0,"href":"https:\/\/www.interaccionnoticias.com.mx\/index.php?rest_route=\/wp\/v2\/posts\/24656\/revisions"}],"wp:attachment":[{"href":"https:\/\/www.interaccionnoticias.com.mx\/index.php?rest_route=%2Fwp%2Fv2%2Fmedia&parent=24656"}],"wp:term":[{"taxonomy":"category","embeddable":true,"href":"https:\/\/www.interaccionnoticias.com.mx\/index.php?rest_route=%2Fwp%2Fv2%2Fcategories&post=24656"},{"taxonomy":"post_tag","embeddable":true,"href":"https:\/\/www.interaccionnoticias.com.mx\/index.php?rest_route=%2Fwp%2Fv2%2Ftags&post=24656"}],"curies":[{"name":"wp","href":"https:\/\/api.w.org\/{rel}","templated":true}]}}