{"id":24650,"date":"2019-04-26T20:12:21","date_gmt":"2019-04-27T01:12:21","guid":{"rendered":"http:\/\/www.inter-accion.com.mx\/?p=24650"},"modified":"2019-04-26T20:12:21","modified_gmt":"2019-04-27T01:12:21","slug":"representantes-de-la-sierra-claman-por-viveres","status":"publish","type":"post","link":"https:\/\/www.interaccionnoticias.com.mx\/?p=24650","title":{"rendered":"Representantes de la Sierra claman por v\u00edveres"},"content":{"rendered":"<p><strong>Advierten sobre crisis alimentaria<\/strong><br \/>\n<strong><br \/>\nPiden a delegado federal que promueva una visita del presidente Andr\u00e9s Manuel L\u00f3pez Obrador<\/strong><br \/>\nRepresentantes populares, autoridades municipales, organizaciones de productores, comisarios y trabajadores del sector educativo ratificaron que hasta el momento no han recibido apoyos del gobierno de la Rep\u00fablica, m\u00e1s a\u00fan, se les ha estigmatizado como productores de enervantes y delincuentes.<br \/>\nEl encuentro se desarroll\u00f3 en las instalaciones de la Secretar\u00eda de Bienestar, antes Desarrollo Social, en donde los participantes hicieron la invitaci\u00f3n al delegado federal, Pablo Amilcar Sandoval Ballesteros para que visite las comunidades ubicadas en la parte m\u00e1s alejada del centro de la entidad, para que tenga el pulso de lo que ah\u00ed sucede.<br \/>\nDe inicio, el diputado local Servando de Jes\u00fas Salgado Guzm\u00e1n, presidente de la Comisi\u00f3n para la Regionalizaci\u00f3n de la Sierra, hizo la petici\u00f3n de no criminalizar a la gente Sierra, pues si bien es cierto que la actividad preponderante hasta hace poco era la siembra de la amapola, \u201ceso no quiere decir que los pobladores sean delincuentes\u201d.<br \/>\nIndic\u00f3 que en estos momentos existe una crisis fundamental y grave, derivado de que el precio de los enervantes se cay\u00f3 de manera dr\u00e1stica, de tal suerte que en algunos puntos se carece hasta de lo elemental para subsistir.<br \/>\n\u201cSe habla de que se puede dar una hambrina en la sierra\u201d, advirti\u00f3 el representante popular, cuya participaci\u00f3n fue respaldada por su compa\u00f1ero de partido, el morenista Adalid P\u00e9rez Galeana.<br \/>\nFlorentino Leyva, presidente de la Comisi\u00f3n de Ejidos Hermenegildo Galeana, de la Costa Grande sostuvo que en las partes altas la gente est\u00e1 padeciendo muchas carencias:<br \/>\n\u201cdesafortunadamente no tienen los recursos por diferentes cuestiones y debemos apoyarlos con programas emergentes, sabemos que vienen programas a mediano y largo plazo, pero necesitamos situaciones urgentes, como empleo temporal que les de algo de alivio\u201d, indic\u00f3.<br \/>\nDora Hern\u00e1ndez Uriosteui, de la comunidad de Linda Vista, perteneciente a San Miguel Totolapan, manifest\u00f3 que lo que se padece es muy delicada, lo que se debe entender por la forma en que se ha levantado la voz con insistencia.<br \/>\n\u201cDurante mucho tiempo la Sierra no hablaba, porque siempre por sus medios solucionaba sus problemas, muchos a\u00f1os no se pidi\u00f3 apoyo, pero las condiciones ahora son otras y el gobierno debe tomarlo en cuenta; el d\u00eda de hoy, hay gente que no tiene ni ma\u00edz para comer\u201d.<br \/>\nReproch\u00f3 la cantidad de eventos que se han realizado para analizar el tema de la Sierra, desde agosto de 2018, pero hasta el momento no se tienen acciones concretas.<br \/>\nMientras reuniones pasan, dijo que urge la puesta en marcha de un programa que consista en la distribuci\u00f3n de v\u00edveres, por el problema de hambre que se padece.<br \/>\nAntes de cerra la intervenci\u00f3n dijo al delegado Sandoval Ballesteros: \u201cVis\u00edtenos, una cosa es estar aqu\u00ed, otra muy diferente es estar en campo y ver los problemas de manera directa\u201d.<br \/>\nPedro, un dirigente que prefiri\u00f3 omitir su identidad por las implicaciones que puede tener, reproch\u00f3 que recientemente el presidente Andr\u00e9s Manuel L\u00f3pez Obrador haya declarado que la sierra est\u00e1 siendo atendida, sostuvo que resulta inquietante quien le hace ver al jefe del Ejecutivo federal que la zona est\u00e1 atendida.<br \/>\n\u201cUsted esta escuchando que eso (el apoyo a la sierra) todav\u00eda no pasa, la situaci\u00f3n es grave y no lo dudamos; es un problema para el pa\u00eds\u201d, asever\u00f3.<br \/>\nLament\u00f3 que por las pr\u00e1cticas de algunos funcionarios, que proporcionan informaci\u00f3n falsa a sus superiores, todo parezca apuntar hacia el pasado y lament\u00f3 que en su comunidad, Vallecitos de Zaragoza, la semana pasada cuatro familias tuvieron que huir por la violencia.<br \/>\n<strong>Todo vali\u00f3 madre<\/strong><br \/>\nIsmael C\u00e1stulo Guzm\u00e1n, presidente municipal de Leonardo Bravo record\u00f3 que antes de ser jefe de cabildo, fue integrantes de organizaciones sociales como el Consejo Supremo de Pueblos del Filo Mayor (CSPFM) y l\u00edder de la Uni\u00f3n de Comisarios.<br \/>\nPidi\u00f3 que antes de seguir con reuni\u00f3n tras reuni\u00f3n, haya compromisos concretos por lo menos en tres cuestiones b\u00e1sicas: alimentos, caminos e inseguridad.<br \/>\nAdvirti\u00f3 que si no se avanza con algo concreto, todo e sexenio del presidente L\u00f3pez Obrador va a transcurrir en mesas de an\u00e1lisis sin dar un paso concreto.<br \/>\nExpuso: \u201cLa gente no es mala, antes la amapola era un sustento pero ahora ya no cuesta lo que antes y ya vali\u00f3 madre el asunto\u201d.<br \/>\nAgreg\u00f3: \u201cNecesitamos v\u00edveres, eso no puede esperar m\u00e1s, si tenemos otras tres o cuatro reuniones sin cincretizar nada, la gente va a bajar a tomar Chilpancingo porque aqu\u00ed est\u00e1 la comida\u201d.<br \/>\nAl igual que otros participantes, solicit\u00f3 al delegado federal que vaya a la Sierra y que una vez que conozca la realidad, sugiera al presidente de la Rep\u00fablica una visita en dicha zona.<br \/>\n\u201cNo somos Acapulco, no le vamos a invitar mariscos, pero aunque sea un plato de frijoles va a comer bien con nosotros, hasta el momento ning\u00fan presidente ha querido ir a la sierra\u201d, anot\u00f3.<br \/>\nLuego cerr\u00f3 su intervenci\u00f3n: \u201cEs cierto, antes \u00e9ramos ricos pero ahora somos de los m\u00e1s pobres\u201d.<\/p>\n","protected":false},"excerpt":{"rendered":"<p>Advierten sobre crisis alimentaria Piden a delegado federal que promueva una visita del presidente Andr\u00e9s Manuel L\u00f3pez Obrador Representantes populares, autoridades municipales, organizaciones de productores, comisarios y trabajadores del sector&hellip; <\/p>\n","protected":false},"author":1,"featured_media":0,"comment_status":"closed","ping_status":"closed","sticky":false,"template":"","format":"standard","meta":{"fifu_image_url":"","fifu_image_alt":"","footnotes":""},"categories":[8,18],"tags":[],"class_list":["post-24650","post","type-post","status-publish","format-standard","hentry","category-featured","category-partidos-politicos"],"_links":{"self":[{"href":"https:\/\/www.interaccionnoticias.com.mx\/index.php?rest_route=\/wp\/v2\/posts\/24650","targetHints":{"allow":["GET"]}}],"collection":[{"href":"https:\/\/www.interaccionnoticias.com.mx\/index.php?rest_route=\/wp\/v2\/posts"}],"about":[{"href":"https:\/\/www.interaccionnoticias.com.mx\/index.php?rest_route=\/wp\/v2\/types\/post"}],"author":[{"embeddable":true,"href":"https:\/\/www.interaccionnoticias.com.mx\/index.php?rest_route=\/wp\/v2\/users\/1"}],"replies":[{"embeddable":true,"href":"https:\/\/www.interaccionnoticias.com.mx\/index.php?rest_route=%2Fwp%2Fv2%2Fcomments&post=24650"}],"version-history":[{"count":0,"href":"https:\/\/www.interaccionnoticias.com.mx\/index.php?rest_route=\/wp\/v2\/posts\/24650\/revisions"}],"wp:attachment":[{"href":"https:\/\/www.interaccionnoticias.com.mx\/index.php?rest_route=%2Fwp%2Fv2%2Fmedia&parent=24650"}],"wp:term":[{"taxonomy":"category","embeddable":true,"href":"https:\/\/www.interaccionnoticias.com.mx\/index.php?rest_route=%2Fwp%2Fv2%2Fcategories&post=24650"},{"taxonomy":"post_tag","embeddable":true,"href":"https:\/\/www.interaccionnoticias.com.mx\/index.php?rest_route=%2Fwp%2Fv2%2Ftags&post=24650"}],"curies":[{"name":"wp","href":"https:\/\/api.w.org\/{rel}","templated":true}]}}