{"id":24647,"date":"2019-04-26T19:03:44","date_gmt":"2019-04-27T00:03:44","guid":{"rendered":"http:\/\/www.inter-accion.com.mx\/?p=24647"},"modified":"2019-04-26T19:03:44","modified_gmt":"2019-04-27T00:03:44","slug":"presentan-informe-de-los-dialogos-por-la-paz-en-guerrero","status":"publish","type":"post","link":"https:\/\/www.interaccionnoticias.com.mx\/?p=24647","title":{"rendered":"Presentan informe de los di\u00e1logos por la paz en Guerrero"},"content":{"rendered":"<p><strong>\u00c1lvaro Urreta conf\u00eda en que sea canalizado adecuadamente<\/strong><br \/>\nEl coordinador del Enlace Ciudadano por la Paz, \u00c1lvaro Urreta Fern\u00e1ndez present\u00f3 al delegado del gobierno federal en Guerrero, Pablo Amilcar Sandoval Ballesteros un expediente que integra las aportaciones recibidas durante los foros que se realizaron en diferentes puntos de la entidad, en la ruta por recuperar la tranquilidad y recomponer el deteriorado tejido social.<br \/>\nLa entrega del expediente, que integra 556 documentos ordenadas por tema en 23 carpetas se entreg\u00f3 en el edificio que ocupa la Secretar\u00eda de Bienestar, en el sector sur de Chilpancingo.<br \/>\nUrreta Fern\u00e1ndez estuvo acompa\u00f1ado por el presidente de la Comisi\u00f3n Espacial para la Regionaizaci\u00f3n de la Sierra del Congreso local, Servando de Jes\u00fas Salgado Guzm\u00e1n, el tambi\u00e9n diputado local por Morena, Adalid P\u00e9rez Galeana, el alcalde de Leonardo Bravo, Ismael C\u00e1stulo Guzm\u00e1n y representantes de organizaciones sociales con presencia en la Sierra.<br \/>\nUrreta explic\u00f3 que su trabajo comenz\u00f3 el 28 de agosto de 2018, cuando reci\u00e9n hab\u00edan pasado las elecciones y el equipo de transici\u00f3n del hoy presidente, Andr\u00e9s Manuel L\u00f3pez Obrador preparaba una estrategia encaminada a pacificar al pa\u00eds.<br \/>\nEse d\u00eda, en el puerto de Acapulco se llev\u00f3 a cabo el primer Foro por la Pacificaci\u00f3n, en el contexto de un dialogo nacional instrumentado por el presidente L\u00f3pez Obrador, que ten\u00eda la intenci\u00f3n de generar una ruta para alcanzar la pacificaci\u00f3n del pa\u00eds.<br \/>\nEn dicho foro, destac\u00f3 que participaron alrededor de mil 200 personas que representaban a colectivos contra los feminicidios, agrupaciones que buscan a personas desaparecidas en todo el pa\u00eds, los padres de los 43 estudiantes de la Normal Rural de Ayotzinapa, desaparecidos el 26 de septiembre de 2014 en Iguala de la Independencia, polic\u00edas comunitarias y grupos de autodefensa del estado de Guerrero.<br \/>\nAntes de dicho evento, explic\u00f3 que visit\u00f3 varios puntos del estado de Guerrero en el que se viven momentos cr\u00edticos, en el contexto de la violencia generada por la actividad de grupos del crimen organizado, con la intenci\u00f3n de llevar el mensaje de que el gobierno de la Rep\u00fablica estaba en la ruta de recuperar la tranquilidad desde la ra\u00edz, no en un af\u00e1n de solo llamar la atenci\u00f3n de los medios de comunicaci\u00f3n.<br \/>\nLas 70 mesas de trabajo, indic\u00f3 que dieron la pauta a seguir en un proceso de acercamiento con grupos que actualmente se encuentran confrontados, se conoci\u00f3 el caso de los pueblos en que se reporta el desplazamiento de personas por la inseguridad y tambi\u00e9n se tom\u00f3 nota de las familias que buscan a sus seres queridos no localizados desde hace ya varios a\u00f1os.<br \/>\nLas carpetas que recibi\u00f3 el delegado del Gobierno de la Rep\u00fablica est\u00e1n relacionados tambi\u00e9n con acciones que se consideran urgentes en materia de caminos y carreteras, educaci\u00f3n, calidad de vida, micro negocios, salud, seguridad, agricultura, electricidad, ganader\u00eda, infraestructura urbana, medio ambiente, pacificaci\u00f3n y programas sociales, entre otros temas de inter\u00e9s colectivo.<br \/>\nEn su momento, el diputado Servando de Jes\u00fas Salgado confi\u00f3 en que las acciones planteadas en los expedientes entregados por \u00c1lvaro Urreta ser\u00e1n canalizados adecuadamente, para en realidad contribuir con el proceso de pacificaci\u00f3n del estado y del pa\u00eds.<\/p>\n","protected":false},"excerpt":{"rendered":"<p>\u00c1lvaro Urreta conf\u00eda en que sea canalizado adecuadamente El coordinador del Enlace Ciudadano por la Paz, \u00c1lvaro Urreta Fern\u00e1ndez present\u00f3 al delegado del gobierno federal en Guerrero, Pablo Amilcar Sandoval&hellip; <\/p>\n","protected":false},"author":1,"featured_media":0,"comment_status":"closed","ping_status":"closed","sticky":false,"template":"","format":"standard","meta":{"fifu_image_url":"","fifu_image_alt":"","footnotes":""},"categories":[8,18],"tags":[],"class_list":["post-24647","post","type-post","status-publish","format-standard","hentry","category-featured","category-partidos-politicos"],"_links":{"self":[{"href":"https:\/\/www.interaccionnoticias.com.mx\/index.php?rest_route=\/wp\/v2\/posts\/24647","targetHints":{"allow":["GET"]}}],"collection":[{"href":"https:\/\/www.interaccionnoticias.com.mx\/index.php?rest_route=\/wp\/v2\/posts"}],"about":[{"href":"https:\/\/www.interaccionnoticias.com.mx\/index.php?rest_route=\/wp\/v2\/types\/post"}],"author":[{"embeddable":true,"href":"https:\/\/www.interaccionnoticias.com.mx\/index.php?rest_route=\/wp\/v2\/users\/1"}],"replies":[{"embeddable":true,"href":"https:\/\/www.interaccionnoticias.com.mx\/index.php?rest_route=%2Fwp%2Fv2%2Fcomments&post=24647"}],"version-history":[{"count":0,"href":"https:\/\/www.interaccionnoticias.com.mx\/index.php?rest_route=\/wp\/v2\/posts\/24647\/revisions"}],"wp:attachment":[{"href":"https:\/\/www.interaccionnoticias.com.mx\/index.php?rest_route=%2Fwp%2Fv2%2Fmedia&parent=24647"}],"wp:term":[{"taxonomy":"category","embeddable":true,"href":"https:\/\/www.interaccionnoticias.com.mx\/index.php?rest_route=%2Fwp%2Fv2%2Fcategories&post=24647"},{"taxonomy":"post_tag","embeddable":true,"href":"https:\/\/www.interaccionnoticias.com.mx\/index.php?rest_route=%2Fwp%2Fv2%2Ftags&post=24647"}],"curies":[{"name":"wp","href":"https:\/\/api.w.org\/{rel}","templated":true}]}}