{"id":24644,"date":"2019-04-26T18:35:47","date_gmt":"2019-04-26T23:35:47","guid":{"rendered":"http:\/\/www.inter-accion.com.mx\/?p=24644"},"modified":"2019-04-26T18:35:47","modified_gmt":"2019-04-26T23:35:47","slug":"detienen-a-la-presunta-asesina-de-dos-jovencitas-en-chilpancingo","status":"publish","type":"post","link":"https:\/\/www.interaccionnoticias.com.mx\/?p=24644","title":{"rendered":"Detienen a la presunta asesina de dos jovencitas en Chilpancingo"},"content":{"rendered":"<p><strong>Bel\u00e9n \u201cN\u201d, alias \u201cLa G\u00fcera\u201d tambi\u00e9n es investigada por extorsi\u00f3n y secuestro<\/strong><br \/>\nElementos de la Polic\u00eda Investigadora Ministerial (PIM) detuvieron y consiguieron la prisi\u00f3n preventiva contra la se\u00f1ora Bel\u00e9n \u201cN\u201d, alias \u201cla G\u00fcera, como presunta responsable del asesinato de dos jovencitas y de las lesiones por arma de fuego producidas contra una m\u00e1s, en un atentado cometido la madrugada del martes 23 de abril.<br \/>\nLa detenida, es tambi\u00e9n se\u00f1alada como responsable de delitos como extorsi\u00f3n, secuestro y varios homicidios cometidos en la capital del estado.<br \/>\nRoberto \u00c1lvarez Heredia, vocero de la Coordinaci\u00f3n Estatal para la Reconstrucci\u00f3n de la Paz, confirm\u00f3 que el personal de la PIM ejecutaron una orden de aprehensi\u00f3n contra \u201cLa G\u00fcera\u201d, como probable responsable de lesiones y homicidio por arma de fuego cometido en agravio de tres mujeres, a partir de un ataque registrado en la calle Teofilo Olea y Leyva, en el centro de Chilpancingo.<br \/>\nAgreg\u00f3 que con los elementos aportados, la FGE consigui\u00f3 que un juez de Control dictara la medida de prisi\u00f3n preventiva, hasta en tanto se resuelve la situaci\u00f3n jur\u00eddica de la implicada.<br \/>\nRecord\u00f3 que las v\u00edctimas fueron agredidas a balazos la media noche del 23 de abril, esa madrugada, una joven mujer identificada con el nombre de Lizbeth \u00abN\u00bb muri\u00f3 cuando se le atend\u00eda en el hospital general de Chilpancingo.<br \/>\nDos mujeres m\u00e1s; Diana Karen \u00abN\u00bb y Anayeli \u00abN\u00bb fueron canalizadas al hospital general de la ciudad por diferentes heridas de bala.<br \/>\nEl vocero \u00c1lvarez Heredia confirm\u00f3 que una de las lesionadas falleci\u00f3 la jornada del jueves, a consecuencia de las lesiones que sufri\u00f3 durante el atentado.<br \/>\nBel\u00e9n \u201cN\u201d ahora est\u00e1 a disposici\u00f3n del Juez de Control y Enjuiciamiento Penal del distrito de Bravo con sede en Chilpancingo, que habr\u00e1 de determinar su situaci\u00f3n legal conforme a los elementos que la FGE proporcione.<br \/>\nEl vocero agreg\u00f3 que \u201cLa G\u00fcera\u201d es investigada por su posible participaci\u00f3n en otros delitos, como la venta de droga, extorsi\u00f3n, cobro de cuotas y varios homicidios registrados en la ciudad.<\/p>\n","protected":false},"excerpt":{"rendered":"<p>Bel\u00e9n \u201cN\u201d, alias \u201cLa G\u00fcera\u201d tambi\u00e9n es investigada por extorsi\u00f3n y secuestro Elementos de la Polic\u00eda Investigadora Ministerial (PIM) detuvieron y consiguieron la prisi\u00f3n preventiva contra la se\u00f1ora Bel\u00e9n \u201cN\u201d,&hellip; <\/p>\n","protected":false},"author":1,"featured_media":0,"comment_status":"closed","ping_status":"closed","sticky":false,"template":"","format":"standard","meta":{"fifu_image_url":"","fifu_image_alt":"","footnotes":""},"categories":[8,27],"tags":[],"class_list":["post-24644","post","type-post","status-publish","format-standard","hentry","category-featured","category-seguridad-publica"],"_links":{"self":[{"href":"https:\/\/www.interaccionnoticias.com.mx\/index.php?rest_route=\/wp\/v2\/posts\/24644","targetHints":{"allow":["GET"]}}],"collection":[{"href":"https:\/\/www.interaccionnoticias.com.mx\/index.php?rest_route=\/wp\/v2\/posts"}],"about":[{"href":"https:\/\/www.interaccionnoticias.com.mx\/index.php?rest_route=\/wp\/v2\/types\/post"}],"author":[{"embeddable":true,"href":"https:\/\/www.interaccionnoticias.com.mx\/index.php?rest_route=\/wp\/v2\/users\/1"}],"replies":[{"embeddable":true,"href":"https:\/\/www.interaccionnoticias.com.mx\/index.php?rest_route=%2Fwp%2Fv2%2Fcomments&post=24644"}],"version-history":[{"count":0,"href":"https:\/\/www.interaccionnoticias.com.mx\/index.php?rest_route=\/wp\/v2\/posts\/24644\/revisions"}],"wp:attachment":[{"href":"https:\/\/www.interaccionnoticias.com.mx\/index.php?rest_route=%2Fwp%2Fv2%2Fmedia&parent=24644"}],"wp:term":[{"taxonomy":"category","embeddable":true,"href":"https:\/\/www.interaccionnoticias.com.mx\/index.php?rest_route=%2Fwp%2Fv2%2Fcategories&post=24644"},{"taxonomy":"post_tag","embeddable":true,"href":"https:\/\/www.interaccionnoticias.com.mx\/index.php?rest_route=%2Fwp%2Fv2%2Ftags&post=24644"}],"curies":[{"name":"wp","href":"https:\/\/api.w.org\/{rel}","templated":true}]}}