{"id":24637,"date":"2019-04-26T08:03:38","date_gmt":"2019-04-26T13:03:38","guid":{"rendered":"http:\/\/www.inter-accion.com.mx\/?p=24637"},"modified":"2019-04-26T08:03:38","modified_gmt":"2019-04-26T13:03:38","slug":"nombran-nuevo-titular-en-la-comision-estatal-de-busqueda-de-personas","status":"publish","type":"post","link":"https:\/\/www.interaccionnoticias.com.mx\/?p=24637","title":{"rendered":"NOMBRAN NUEVO TITULAR EN LA COMISI\u00d3N ESTATAL DE BUSQUEDA DE PERSONAS"},"content":{"rendered":"<p>El Gobernador del Estado H\u00e9ctor Astudillo Fhlores, design\u00f3 como titular de la Comisi\u00f3n Estatal de B\u00fasqueda de Personas, al maestro en Derecho Penal por el Instituto Nacional de Ciencias Penales, Alfonso Arturo Silva.<br \/>\nArturo Silva, egresado de la licenciatura en derecho por la Universidad La Salle, tiene amplia experiencia en el tema; en el 2012, dirigi\u00f3 el Centro de Atenci\u00f3n a V\u00edctimas de Tuxtla Guti\u00e9rrez, Chiapas; en el 2015, fungi\u00f3 como delegado regional y director en la Comisi\u00f3n Ejecutiva de Atenci\u00f3n a V\u00edctimas en Guerrero. Se desempe\u00f1\u00f3 como Subdirector en la Direcci\u00f3n General de Control de Procedimientos Penales de la Procuradur\u00eda General de la Rep\u00fablica y otros cargos en instituciones de impartici\u00f3n de justicia.<br \/>\nCon esta designaci\u00f3n, propuesta por la Asociaci\u00f3n Civil Familias de Acapulco en busca de sus desaparecidos, concluye el proceso de consulta que realiz\u00f3 la Secretar\u00eda General de Gobierno, tal como lo marca el art\u00edculo 4 del Decreto de la Comisi\u00f3n Estatal de B\u00fasqueda de Personas.<br \/>\nLa Comisi\u00f3n Estatal de B\u00fasqueda de Personas, se coordina con la b\u00fasqueda de personas a nivel nacional, con el apoyo de organizaciones sociales. Esta Comisi\u00f3n tiene como objetivo impulsar, ejecutar, coordinar y dar seguimiento a acciones de b\u00fasqueda, localizaci\u00f3n e identificaci\u00f3n de personas desaparecidas.<\/p>\n","protected":false},"excerpt":{"rendered":"<p>El Gobernador del Estado H\u00e9ctor Astudillo Fhlores, design\u00f3 como titular de la Comisi\u00f3n Estatal de B\u00fasqueda de Personas, al maestro en Derecho Penal por el Instituto Nacional de Ciencias Penales,&hellip; <\/p>\n","protected":false},"author":1,"featured_media":0,"comment_status":"closed","ping_status":"closed","sticky":false,"template":"","format":"standard","meta":{"fifu_image_url":"","fifu_image_alt":"","footnotes":""},"categories":[8,11],"tags":[],"class_list":["post-24637","post","type-post","status-publish","format-standard","hentry","category-featured","category-guerrero"],"_links":{"self":[{"href":"https:\/\/www.interaccionnoticias.com.mx\/index.php?rest_route=\/wp\/v2\/posts\/24637","targetHints":{"allow":["GET"]}}],"collection":[{"href":"https:\/\/www.interaccionnoticias.com.mx\/index.php?rest_route=\/wp\/v2\/posts"}],"about":[{"href":"https:\/\/www.interaccionnoticias.com.mx\/index.php?rest_route=\/wp\/v2\/types\/post"}],"author":[{"embeddable":true,"href":"https:\/\/www.interaccionnoticias.com.mx\/index.php?rest_route=\/wp\/v2\/users\/1"}],"replies":[{"embeddable":true,"href":"https:\/\/www.interaccionnoticias.com.mx\/index.php?rest_route=%2Fwp%2Fv2%2Fcomments&post=24637"}],"version-history":[{"count":0,"href":"https:\/\/www.interaccionnoticias.com.mx\/index.php?rest_route=\/wp\/v2\/posts\/24637\/revisions"}],"wp:attachment":[{"href":"https:\/\/www.interaccionnoticias.com.mx\/index.php?rest_route=%2Fwp%2Fv2%2Fmedia&parent=24637"}],"wp:term":[{"taxonomy":"category","embeddable":true,"href":"https:\/\/www.interaccionnoticias.com.mx\/index.php?rest_route=%2Fwp%2Fv2%2Fcategories&post=24637"},{"taxonomy":"post_tag","embeddable":true,"href":"https:\/\/www.interaccionnoticias.com.mx\/index.php?rest_route=%2Fwp%2Fv2%2Ftags&post=24637"}],"curies":[{"name":"wp","href":"https:\/\/api.w.org\/{rel}","templated":true}]}}