{"id":24631,"date":"2019-04-26T07:59:31","date_gmt":"2019-04-26T12:59:31","guid":{"rendered":"http:\/\/www.inter-accion.com.mx\/?p=24631"},"modified":"2019-04-26T07:59:31","modified_gmt":"2019-04-26T12:59:31","slug":"se-reune-nestora-salgado-con-el-presidente-lopez-obrador","status":"publish","type":"post","link":"https:\/\/www.interaccionnoticias.com.mx\/?p=24631","title":{"rendered":"Se re\u00fane Nestora Salgado con el presidente L\u00f3pez Obrador"},"content":{"rendered":"<p><strong>Insiste en la libertad de todos los presos pol\u00edticos del pa\u00eds<\/strong><br \/>\nLa Senadora Nestora Salgado se reuni\u00f3 con el presidente de la Rep\u00fablica, Andr\u00e9s Manuel L\u00f3pez Obrador en el despacho presidencial de Palacio Nacional, sede del Poder Ejecutivo Federal de M\u00e9xico.<br \/>\nEn la reuni\u00f3n le pidi\u00f3 continuar con los esfuerzos en beneficio de los pueblos de Guerrero y todas las comunidades de M\u00e9xico y apoyar a las mujeres y hombres del campo para ver germinar la semilla de esperanza que lleg\u00f3 con este nuevo gobierno. Asimismo hablaron de la necesidad de seguir con la liberaci\u00f3n de los presos pol\u00edticos y sean revisados los casos de personas injustamente presas como un paso importante a la pacificaci\u00f3n del pa\u00eds.<br \/>\nSalgado Garc\u00eda le ratific\u00f3 el compromiso con la cuarta transformaci\u00f3n y agradeci\u00f3 su confianza y respaldo para abonar a la Cuarta Transformaci\u00f3n.<\/p>\n","protected":false},"excerpt":{"rendered":"<p>Insiste en la libertad de todos los presos pol\u00edticos del pa\u00eds La Senadora Nestora Salgado se reuni\u00f3 con el presidente de la Rep\u00fablica, Andr\u00e9s Manuel L\u00f3pez Obrador en el despacho&hellip; <\/p>\n","protected":false},"author":1,"featured_media":0,"comment_status":"closed","ping_status":"closed","sticky":false,"template":"","format":"standard","meta":{"fifu_image_url":"","fifu_image_alt":"","footnotes":""},"categories":[8,18],"tags":[],"class_list":["post-24631","post","type-post","status-publish","format-standard","hentry","category-featured","category-partidos-politicos"],"_links":{"self":[{"href":"https:\/\/www.interaccionnoticias.com.mx\/index.php?rest_route=\/wp\/v2\/posts\/24631","targetHints":{"allow":["GET"]}}],"collection":[{"href":"https:\/\/www.interaccionnoticias.com.mx\/index.php?rest_route=\/wp\/v2\/posts"}],"about":[{"href":"https:\/\/www.interaccionnoticias.com.mx\/index.php?rest_route=\/wp\/v2\/types\/post"}],"author":[{"embeddable":true,"href":"https:\/\/www.interaccionnoticias.com.mx\/index.php?rest_route=\/wp\/v2\/users\/1"}],"replies":[{"embeddable":true,"href":"https:\/\/www.interaccionnoticias.com.mx\/index.php?rest_route=%2Fwp%2Fv2%2Fcomments&post=24631"}],"version-history":[{"count":0,"href":"https:\/\/www.interaccionnoticias.com.mx\/index.php?rest_route=\/wp\/v2\/posts\/24631\/revisions"}],"wp:attachment":[{"href":"https:\/\/www.interaccionnoticias.com.mx\/index.php?rest_route=%2Fwp%2Fv2%2Fmedia&parent=24631"}],"wp:term":[{"taxonomy":"category","embeddable":true,"href":"https:\/\/www.interaccionnoticias.com.mx\/index.php?rest_route=%2Fwp%2Fv2%2Fcategories&post=24631"},{"taxonomy":"post_tag","embeddable":true,"href":"https:\/\/www.interaccionnoticias.com.mx\/index.php?rest_route=%2Fwp%2Fv2%2Ftags&post=24631"}],"curies":[{"name":"wp","href":"https:\/\/api.w.org\/{rel}","templated":true}]}}