{"id":24626,"date":"2019-04-26T07:57:01","date_gmt":"2019-04-26T12:57:01","guid":{"rendered":"http:\/\/www.inter-accion.com.mx\/?p=24626"},"modified":"2019-04-26T07:57:01","modified_gmt":"2019-04-26T12:57:01","slug":"asesinan-a-un-hombre-en-la-calle","status":"publish","type":"post","link":"https:\/\/www.interaccionnoticias.com.mx\/?p=24626","title":{"rendered":"ASESINAN A UN HOMBRE EN LA CALLE"},"content":{"rendered":"<p>Acapulco, Gro. \u2013 Un hombre fue golpeado y asesinado a al menos cuatro balazos con armas de alto poder, en las inmediaciones de la colonia La Garita, en la zona urbana del puerto de Acapulco.<br \/>\nLos hechos se reportaron alrededor de las 18 horas entre las calles Emiliano Zapata y Malinche, de la citada colonia, donde en las \u00faltimas semanas se han presentado hechos de violencia.<br \/>\nEl reporte del asesinado fue a trav\u00e9s de una llamada al Servicio de Emergencia del 911, en el que se inform\u00f3 que en la calle estaba el cuerpo de un nombre con al menos cuatro impactos de bala en la cabeza, t\u00f3rax y piernas.<br \/>\nHasta el lugar del homicidio acudieron efectivos de la Polic\u00eda Investigadora Ministerial (PIM), quienes encontraron el cad\u00e1ver de un hombre en la v\u00eda p\u00fablica y con varios tiros en el cuerpo y cabeza.<br \/>\nM\u00e1s tarde lleg\u00f3 personal de Servicios Periciales que realizaron las diligencias y m\u00e1s tarde se orden\u00f3 el levantamiento del cad\u00e1ver a los trabajadores del Servicios M\u00e9dico Forense (SEMEFO), que lo trasladaron a la morgue.<\/p>\n","protected":false},"excerpt":{"rendered":"<p>Acapulco, Gro. \u2013 Un hombre fue golpeado y asesinado a al menos cuatro balazos con armas de alto poder, en las inmediaciones de la colonia La Garita, en la zona&hellip; <\/p>\n","protected":false},"author":1,"featured_media":0,"comment_status":"closed","ping_status":"closed","sticky":false,"template":"","format":"standard","meta":{"fifu_image_url":"","fifu_image_alt":"","footnotes":""},"categories":[8,27],"tags":[],"class_list":["post-24626","post","type-post","status-publish","format-standard","hentry","category-featured","category-seguridad-publica"],"_links":{"self":[{"href":"https:\/\/www.interaccionnoticias.com.mx\/index.php?rest_route=\/wp\/v2\/posts\/24626","targetHints":{"allow":["GET"]}}],"collection":[{"href":"https:\/\/www.interaccionnoticias.com.mx\/index.php?rest_route=\/wp\/v2\/posts"}],"about":[{"href":"https:\/\/www.interaccionnoticias.com.mx\/index.php?rest_route=\/wp\/v2\/types\/post"}],"author":[{"embeddable":true,"href":"https:\/\/www.interaccionnoticias.com.mx\/index.php?rest_route=\/wp\/v2\/users\/1"}],"replies":[{"embeddable":true,"href":"https:\/\/www.interaccionnoticias.com.mx\/index.php?rest_route=%2Fwp%2Fv2%2Fcomments&post=24626"}],"version-history":[{"count":0,"href":"https:\/\/www.interaccionnoticias.com.mx\/index.php?rest_route=\/wp\/v2\/posts\/24626\/revisions"}],"wp:attachment":[{"href":"https:\/\/www.interaccionnoticias.com.mx\/index.php?rest_route=%2Fwp%2Fv2%2Fmedia&parent=24626"}],"wp:term":[{"taxonomy":"category","embeddable":true,"href":"https:\/\/www.interaccionnoticias.com.mx\/index.php?rest_route=%2Fwp%2Fv2%2Fcategories&post=24626"},{"taxonomy":"post_tag","embeddable":true,"href":"https:\/\/www.interaccionnoticias.com.mx\/index.php?rest_route=%2Fwp%2Fv2%2Ftags&post=24626"}],"curies":[{"name":"wp","href":"https:\/\/api.w.org\/{rel}","templated":true}]}}