{"id":24617,"date":"2019-04-25T19:57:41","date_gmt":"2019-04-26T00:57:41","guid":{"rendered":"http:\/\/www.inter-accion.com.mx\/?p=24617"},"modified":"2019-04-25T19:57:41","modified_gmt":"2019-04-26T00:57:41","slug":"anuncian-encuentro-internacional-por-la-paz-en-la-sierra","status":"publish","type":"post","link":"https:\/\/www.interaccionnoticias.com.mx\/?p=24617","title":{"rendered":"Anuncian Encuentro Internacional por la paz en la Sierra"},"content":{"rendered":"<p><strong>Convocan a especialistas en procesos de pacificaci\u00f3n<\/strong><br \/>\nLos integrantes de la Comisi\u00f3n Especial de la Regionalizaci\u00f3n de la Sierra, para la Armon\u00eda y Desarrollo de sus Pueblos dieron a conocer la programaci\u00f3n de lo que denominan como \u201cEncuentro Internacional por la Paz\u201d, el cual tendr\u00e1 lugar los d\u00edas 7 y 8 de junio del presente a\u00f1o.<br \/>\nEl presidente de la comisi\u00f3n especial, Servando Salgado Guzm\u00e1n, inform\u00f3 que dicho encuentro se realizar\u00e1 en colaboraci\u00f3n y en las instalaciones de la Universidad Aut\u00f3noma de Guerrero (UAGro), instituci\u00f3n que ha tenido una importante participaci\u00f3n en el proceso de pacificaci\u00f3n.<br \/>\nEn dicho evento se contar\u00e1 con la participaci\u00f3n de especialistas internacionales en el tema, entre ellos representantes de la Organizaci\u00f3n de las Naciones Unidas (ONU), de la Comisi\u00f3n Interamericana de los Derechos Humanos (CIDH) y del Alto Comisionado de las Naciones Unidas para los Refugiados (ACNUR).<br \/>\nPrevio a la realizaci\u00f3n del encuentro internacional, se desarrollar\u00e1 un curso-taller de \u201cConstrucci\u00f3n de la Paz, Regionalizaci\u00f3n y Pol\u00edticas P\u00fablicas de la Octava Regi\u00f3n, que se organizar\u00e1 en colaboraci\u00f3n con la UAGro, el 8 de mayo.<br \/>\nEste fin de semana, la comisi\u00f3n legislativa de referencia estar\u00e1 en la comunidad de Pocitos del Balc\u00f3n, municipio de Ajuchitl\u00e1n del Progreso, como parte de los trabajos de la comisi\u00f3n para la construcci\u00f3n territorial de la Paz, que se pretende funcione a trav\u00e9s de comit\u00e9s ciudadanos.<br \/>\nEl diputado Salgado Guzm\u00e1n manifest\u00f3 que ese tipo de reuniones ya se han realizado en comunidades como Jaleaca, Inscuinatoyac y Coacoyulillo, entre otras, en las que se han escuchado las necesidades m\u00e1s apremiantes de la poblaci\u00f3n.<\/p>\n","protected":false},"excerpt":{"rendered":"<p>Convocan a especialistas en procesos de pacificaci\u00f3n Los integrantes de la Comisi\u00f3n Especial de la Regionalizaci\u00f3n de la Sierra, para la Armon\u00eda y Desarrollo de sus Pueblos dieron a conocer&hellip; <\/p>\n","protected":false},"author":1,"featured_media":0,"comment_status":"closed","ping_status":"closed","sticky":false,"template":"","format":"standard","meta":{"fifu_image_url":"","fifu_image_alt":"","footnotes":""},"categories":[2,8],"tags":[],"class_list":["post-24617","post","type-post","status-publish","format-standard","hentry","category-congreso","category-featured"],"_links":{"self":[{"href":"https:\/\/www.interaccionnoticias.com.mx\/index.php?rest_route=\/wp\/v2\/posts\/24617","targetHints":{"allow":["GET"]}}],"collection":[{"href":"https:\/\/www.interaccionnoticias.com.mx\/index.php?rest_route=\/wp\/v2\/posts"}],"about":[{"href":"https:\/\/www.interaccionnoticias.com.mx\/index.php?rest_route=\/wp\/v2\/types\/post"}],"author":[{"embeddable":true,"href":"https:\/\/www.interaccionnoticias.com.mx\/index.php?rest_route=\/wp\/v2\/users\/1"}],"replies":[{"embeddable":true,"href":"https:\/\/www.interaccionnoticias.com.mx\/index.php?rest_route=%2Fwp%2Fv2%2Fcomments&post=24617"}],"version-history":[{"count":0,"href":"https:\/\/www.interaccionnoticias.com.mx\/index.php?rest_route=\/wp\/v2\/posts\/24617\/revisions"}],"wp:attachment":[{"href":"https:\/\/www.interaccionnoticias.com.mx\/index.php?rest_route=%2Fwp%2Fv2%2Fmedia&parent=24617"}],"wp:term":[{"taxonomy":"category","embeddable":true,"href":"https:\/\/www.interaccionnoticias.com.mx\/index.php?rest_route=%2Fwp%2Fv2%2Fcategories&post=24617"},{"taxonomy":"post_tag","embeddable":true,"href":"https:\/\/www.interaccionnoticias.com.mx\/index.php?rest_route=%2Fwp%2Fv2%2Ftags&post=24617"}],"curies":[{"name":"wp","href":"https:\/\/api.w.org\/{rel}","templated":true}]}}