{"id":24614,"date":"2019-04-25T19:55:46","date_gmt":"2019-04-26T00:55:46","guid":{"rendered":"http:\/\/www.inter-accion.com.mx\/?p=24614"},"modified":"2019-04-25T19:55:46","modified_gmt":"2019-04-26T00:55:46","slug":"a-tres-anos-del-asesinato-de-periodista-su-familia-esta-desplazada-y-sin-proteccion","status":"publish","type":"post","link":"https:\/\/www.interaccionnoticias.com.mx\/?p=24614","title":{"rendered":"A tres a\u00f1os del asesinato de periodista, su familia est\u00e1 desplazada y sin protecci\u00f3n"},"content":{"rendered":"<p><strong>Periodistas exigen justicia para Francisco Pacheco, asesinado en Taxco, el 25 de abril de 2016 <\/strong><br \/>\nIntegrantes del gremio period\u00edstico realizaron un mitin frente a la delegaci\u00f3n de la Fiscal\u00eda General de la Rep\u00fablica (FGR), a tres a\u00f1os del asesinato cometido en contra del editor, del Foro de Taxco, Francisco Pacheco Beltr\u00e1n, cuya familia se encuentra desplazada, sin trabajo ni protecci\u00f3n.<br \/>\nEn la concentraci\u00f3n que se realiz\u00f3 la ma\u00f1ana del jueves 25 de abril, se record\u00f3 que Pacheco Beltr\u00e1n fue periodista por m\u00e1s de 20 a\u00f1os, colaborando durante ese tiempo en diferentes medios de la regi\u00f3n Norte y Centro de la entidad.<br \/>\nPacheco fue asesinado la ma\u00f1ana del lunes 25 de abril del a\u00f1o 2016, justo en la puerta de acceso de su domicilio particular, en Taxco de Alarc\u00f3n.<br \/>\nLa manifestaci\u00f3n fue convocada por la delegaci\u00f3n XVII del Sindicato Nacional de Redactores de la Prensa (SNRP) y la Asociaci\u00f3n de Periodistas del Estado de Guerrero (APEG).<br \/>\nEn un documento le\u00eddo en la puerta principal de la delegaci\u00f3n de la FGR, se anota que desde las primeras horas de ocurrido el crimen, las investigaciones han estado plagadas de deficiencias que no han permitido llegar a la justicia.<br \/>\nEntre otras cosas, manifestaron que el proceso no se ha apegado al derecho y las autoridades no han tomado en cuenta la l\u00ednea de investigaci\u00f3n period\u00edstica en la que se desenvolv\u00eda cotidianamente.<br \/>\nEn un escrito dado a conocer, la familia del comunicador denuncia que han sido sujeto de un proceso de revictimizaci\u00f3n.<br \/>\nSe agrega: \u201ctuvimos que desplazarnos de nuestro hogar y lugar de trabajo por motivos de seguridad e integridad f\u00edsica, pedimos apoyo a la Fiscal\u00eda Especial para la Atenci\u00f3n de Delitos cometidos contra la Libertad de Expresi\u00f3n (FEADLE) y a la Comisi\u00f3n Ejecutiva de Atenci\u00f3n a V\u00edctimas, el cual se nos fue negado ya que no contaban con recursos\u201d.<br \/>\nAl\u00ed Pacheco, el hijo mayor de Francisco se dedica activamente al periodismo, sostiene que desde que se ingres\u00f3 al mecanismo de protecci\u00f3n para defensores de derechos humanos y periodistas, ha batallado mucho para mantener las medidas de seguridad, porque se le ha dicho que no tiene ning\u00fan tipo de riesgo.<br \/>\n\u201cTambi\u00e9n dejamos de trabajar en los medios impresos porque no se nos ha garantizado seguridad, no se nos eval\u00faa en tiempo y forma, por lo que seguimos en un barco sin capit\u00e1n desde entonces y hasta antes de la recomendaci\u00f3n de la CNDH en diciembre de 2017 nos encontr\u00e1bamos en el olvido. Ahora en 2019 hacen como que subsanan los puntos de \u00e9sta con paja en expedientes y acciones inconclusas, no tenemos acceso a la reparaci\u00f3n del da\u00f1o porque hay que pasar de una oficina a otra, porque no est\u00e1n seguros de que hayamos perdido algo o que tengamos una afectaci\u00f3n, nos les basta con que perdimos una vida, nuestro hogar y parte de nuestro trabajo\u201d, refiere.<br \/>\nEn el mitin las organizaciones de periodistas exigieron a la FEADLE, se investigue el homicidio tomando como principal l\u00ednea de investigaci\u00f3n el trabajo period\u00edstico de Francisco Pacheco Beltr\u00e1n, teniendo como gu\u00eda de orientaci\u00f3n el Protocolo Homologado de Investigaci\u00f3n de Delitos Cometidos contra la Libertad de Expresi\u00f3n.<\/p>\n","protected":false},"excerpt":{"rendered":"<p>Periodistas exigen justicia para Francisco Pacheco, asesinado en Taxco, el 25 de abril de 2016 Integrantes del gremio period\u00edstico realizaron un mitin frente a la delegaci\u00f3n de la Fiscal\u00eda General&hellip; <\/p>\n","protected":false},"author":1,"featured_media":0,"comment_status":"closed","ping_status":"closed","sticky":false,"template":"","format":"standard","meta":{"fifu_image_url":"","fifu_image_alt":"","footnotes":""},"categories":[8,23],"tags":[],"class_list":["post-24614","post","type-post","status-publish","format-standard","hentry","category-featured","category-regionales"],"_links":{"self":[{"href":"https:\/\/www.interaccionnoticias.com.mx\/index.php?rest_route=\/wp\/v2\/posts\/24614","targetHints":{"allow":["GET"]}}],"collection":[{"href":"https:\/\/www.interaccionnoticias.com.mx\/index.php?rest_route=\/wp\/v2\/posts"}],"about":[{"href":"https:\/\/www.interaccionnoticias.com.mx\/index.php?rest_route=\/wp\/v2\/types\/post"}],"author":[{"embeddable":true,"href":"https:\/\/www.interaccionnoticias.com.mx\/index.php?rest_route=\/wp\/v2\/users\/1"}],"replies":[{"embeddable":true,"href":"https:\/\/www.interaccionnoticias.com.mx\/index.php?rest_route=%2Fwp%2Fv2%2Fcomments&post=24614"}],"version-history":[{"count":0,"href":"https:\/\/www.interaccionnoticias.com.mx\/index.php?rest_route=\/wp\/v2\/posts\/24614\/revisions"}],"wp:attachment":[{"href":"https:\/\/www.interaccionnoticias.com.mx\/index.php?rest_route=%2Fwp%2Fv2%2Fmedia&parent=24614"}],"wp:term":[{"taxonomy":"category","embeddable":true,"href":"https:\/\/www.interaccionnoticias.com.mx\/index.php?rest_route=%2Fwp%2Fv2%2Fcategories&post=24614"},{"taxonomy":"post_tag","embeddable":true,"href":"https:\/\/www.interaccionnoticias.com.mx\/index.php?rest_route=%2Fwp%2Fv2%2Ftags&post=24614"}],"curies":[{"name":"wp","href":"https:\/\/api.w.org\/{rel}","templated":true}]}}