{"id":24611,"date":"2019-04-25T19:53:52","date_gmt":"2019-04-26T00:53:52","guid":{"rendered":"http:\/\/www.inter-accion.com.mx\/?p=24611"},"modified":"2019-04-25T19:53:52","modified_gmt":"2019-04-26T00:53:52","slug":"minera-mexico-amaga-con-reventar-huelga-en-taxco","status":"publish","type":"post","link":"https:\/\/www.interaccionnoticias.com.mx\/?p=24611","title":{"rendered":"Minera M\u00e9xico amaga con reventar huelga en Taxco"},"content":{"rendered":"<p><strong>147 trabajadores llevan 12 a\u00f1os en el movimiento<\/strong><br \/>\nDesde hace un par de semanas, la Industrial Minera M\u00e9xico amaga con tomar las instalaciones de Taxco de Alarc\u00f3n, las cuales mantienen bajo su control 147 trabajadores que permanecen en huelga desde hace 12 a\u00f1os.<br \/>\nRoberto Hern\u00e1ndez Mojica, secretario general de la delegaci\u00f3n local del Sindicato Nacional de Trabajadores Mineros de la Rep\u00fablica Mexicana (SNTMRM), inform\u00f3 que desde hace un par de semanas, la compa\u00f1\u00eda Industrial Minera M\u00e9xico comenz\u00f3 a correr la versi\u00f3n, principalmente en redes sociales, de que tomar\u00eda por la fuerza sus instalaciones en Taxco de Alarc\u00f3n, para volver a operar con personal nuevo.<br \/>\nPara dar fuerza a la versi\u00f3n, la empresa compr\u00f3 equipos nuevos para trabajadores que hasta el momento no llegan, sin embargo s\u00ed gener\u00f3 mucha inquietud entre las familias de quienes mantienen la huelga desde la administraci\u00f3n presidencial de Vicente Fox Quesada.<br \/>\nHern\u00e1ndez Mojica refiere que la compa\u00f1\u00eda si cumpli\u00f3 el amago hecho en los estados de Sonora y Zacatecas, pero en el caso de Guerrero no hay condiciones porque se trata de la huelga m\u00e1s afianzada en t\u00e9rminos legales, adem\u00e1s de la que tiene mayor base social.<br \/>\nPese a las amenazas, indic\u00f3 que el pasado martes 23 de abril se realiz\u00f3 la revisi\u00f3n del Contrato Colectivo de Trabajo (CCT) sin ninguna complicaci\u00f3n, lo les indica que solamente se trat\u00f3 de un amague.<br \/>\nAgreg\u00f3 que para pasar a las dos minas principales que se ubican en Taxco, los nuevos trabajadores tendr\u00edan que pasar por varias comunidades en donde los huelguistas tienen un fuerte respaldo de los pobladores.<br \/>\nAgreg\u00f3 que fueron muchas las organizaciones sociales que en su momento manifestaron su solidaridad ante un posible desalojo por parte de la minera, lo que hasta el momento no se ha registrado.<br \/>\nA pregunta expresa, el dirigente de los mineros en Taxco refiri\u00f3 que son 147 los trabajadores que se mantienen en la huelga, que el pr\u00f3ximo 30 de julio cumplir\u00e1 12 a\u00f1os de haber iniciado.<br \/>\nComent\u00f3 que a partir de la llegada del nuevo gobierno encabezado por el Movimiento de Regeneraci\u00f3n Nacional (Morena), as\u00ed como del retorno de su m\u00e1ximo dirigente nacional, Napole\u00f3n G\u00f3mez Urrutia, quien ocupa un esca\u00f1o en el Senado de la Rep\u00fablica, los trabajadores esperan que la huelga llegue a su fin en el mejor de los t\u00e9rminos.<br \/>\nDe entrada, dijo que a cada uno de los 147 huelguistas se les deben 12 a\u00f1os de salarios m\u00e1s las prestaciones de ley, situaci\u00f3n que todav\u00eda se encuentra sujeta a negociaci\u00f3n.<br \/>\nReconoci\u00f3 que la soluci\u00f3n al conflicto no ser\u00e1 inmediata, pero manifest\u00f3 que por lo menos hay condiciones diferentes a las que exist\u00edan cuando el Gobierno de la Rep\u00fablica estaba en manos del PRI o del PAN.<\/p>\n","protected":false},"excerpt":{"rendered":"<p>147 trabajadores llevan 12 a\u00f1os en el movimiento Desde hace un par de semanas, la Industrial Minera M\u00e9xico amaga con tomar las instalaciones de Taxco de Alarc\u00f3n, las cuales mantienen&hellip; <\/p>\n","protected":false},"author":1,"featured_media":0,"comment_status":"closed","ping_status":"closed","sticky":false,"template":"","format":"standard","meta":{"fifu_image_url":"","fifu_image_alt":"","footnotes":""},"categories":[8,23],"tags":[],"class_list":["post-24611","post","type-post","status-publish","format-standard","hentry","category-featured","category-regionales"],"_links":{"self":[{"href":"https:\/\/www.interaccionnoticias.com.mx\/index.php?rest_route=\/wp\/v2\/posts\/24611","targetHints":{"allow":["GET"]}}],"collection":[{"href":"https:\/\/www.interaccionnoticias.com.mx\/index.php?rest_route=\/wp\/v2\/posts"}],"about":[{"href":"https:\/\/www.interaccionnoticias.com.mx\/index.php?rest_route=\/wp\/v2\/types\/post"}],"author":[{"embeddable":true,"href":"https:\/\/www.interaccionnoticias.com.mx\/index.php?rest_route=\/wp\/v2\/users\/1"}],"replies":[{"embeddable":true,"href":"https:\/\/www.interaccionnoticias.com.mx\/index.php?rest_route=%2Fwp%2Fv2%2Fcomments&post=24611"}],"version-history":[{"count":0,"href":"https:\/\/www.interaccionnoticias.com.mx\/index.php?rest_route=\/wp\/v2\/posts\/24611\/revisions"}],"wp:attachment":[{"href":"https:\/\/www.interaccionnoticias.com.mx\/index.php?rest_route=%2Fwp%2Fv2%2Fmedia&parent=24611"}],"wp:term":[{"taxonomy":"category","embeddable":true,"href":"https:\/\/www.interaccionnoticias.com.mx\/index.php?rest_route=%2Fwp%2Fv2%2Fcategories&post=24611"},{"taxonomy":"post_tag","embeddable":true,"href":"https:\/\/www.interaccionnoticias.com.mx\/index.php?rest_route=%2Fwp%2Fv2%2Ftags&post=24611"}],"curies":[{"name":"wp","href":"https:\/\/api.w.org\/{rel}","templated":true}]}}