{"id":24608,"date":"2019-04-25T19:49:19","date_gmt":"2019-04-26T00:49:19","guid":{"rendered":"http:\/\/www.inter-accion.com.mx\/?p=24608"},"modified":"2019-04-25T19:49:19","modified_gmt":"2019-04-26T00:49:19","slug":"guerrero-segundo-lugar-a-nivel-nacional-en-feminicidios","status":"publish","type":"post","link":"https:\/\/www.interaccionnoticias.com.mx\/?p=24608","title":{"rendered":"Guerrero, segundo lugar a nivel nacional en feminicidios"},"content":{"rendered":"<p><strong>Seg\u00fan Acad\u00e9mico de la UAGro<\/strong><br \/>\nAcapulco, Gro. \u2013 El catedr\u00e1tico e investigador de la Unidad Acad\u00e9mica de Psicolog\u00eda de la UAGro, Alfredo Catal\u00e1n Guti\u00e9rrez, afirm\u00f3 que Guerrero y Acapulco, ocupan el segundo lugar nacional en feminicidios y violencia intrafamiliar.<br \/>\nEn Guerrero del registro que lleva el investigador refiere que del 2010 al 2018 han muerto m\u00e1s de dos mil 300 mujeres.<br \/>\nEn Acapulco se estima que representa m\u00e1s del 40 o 50 por ciento del total de los casos, por tener un mayor \u00edndice poblacional.<br \/>\n\u201cUn estudio sobre la violencia familiar y el feminicidio en el estado de Guerrero, revel\u00f3 que es un problema muy fuerte el que, se vive en Acapulco y la entidad, pues algunas estad\u00edsticas ubican a Acapulco en segundo lugar, a nivel nacional en feminicidios\u201d, afirm\u00f3.<br \/>\nLo anterior al t\u00e9rmino de la conferencia \u201cFeminicidios, Violencia familiar y Violencia de G\u00e9nero en Guerrero\u201d, impartida por Catal\u00e1n Guti\u00e9rrez, quien expuso el papel que juegan las autoridades y las instituciones para hacer valer la normatividad en lo referente en la atenci\u00f3n ante dichos fen\u00f3menos.<br \/>\nEn entrevista, brevemente explic\u00f3 que las estad\u00edsticas indican que las mujeres de 15 a\u00f1os<br \/>\nque viven en una relaci\u00f3n o en uni\u00f3n libre y empiezan a presentar caracter\u00edsticas de violencia, la violencia familiar y entre parejas, donde \u201cmuchas mujeres pierden la vida a manos de sus esposos\u201d, se\u00f1al\u00f3.<br \/>\nEl catedr\u00e1tico de la Universidad Aut\u00f3noma de Guerrero, de la unidad acad\u00e9mica de Psicolog\u00eda refiri\u00f3 que son varios factores los que influyen en la violencia familiar y contra las mujeres.<br \/>\nDetall\u00f3 que entre otros est\u00e1n varios factores como el machismo, la educaci\u00f3n, en entorno familiar, y las din\u00e1micas de las parejas.<br \/>\n\u201cSe trata de analizar la situaci\u00f3n y ver de qu\u00e9 manera se est\u00e1 brindando para protegerlas y prevenirlas y que las mujeres acudan a levantar una denuncia.<br \/>\n\u201cLos puntos a considerar es la atenci\u00f3n que se les est\u00e1 brindando que cuando una mujer acude a presentar una denuncia, no se den estos procesos burocr\u00e1ticos, porque no llevan una credencia y eso no abona a brindarle la ayuda.<br \/>\n\u201cSi acuden a levantar, que son muy poca las denuncias, y se trata de fortalecer esta parta de la impartici\u00f3n de justicia para que las mujeres denuncien violencia por parte de sus esposos\u201d, se\u00f1al\u00f3.<br \/>\nFinalmente se\u00f1al\u00f3 que Guerrero es segundo lugar en feminicidios y el puerto de Acapulco presenta el mayor n\u00famero de casos de violencia familiar, por tener una mayor poblaci\u00f3n a nivel estatal.<\/p>\n","protected":false},"excerpt":{"rendered":"<p>Seg\u00fan Acad\u00e9mico de la UAGro Acapulco, Gro. \u2013 El catedr\u00e1tico e investigador de la Unidad Acad\u00e9mica de Psicolog\u00eda de la UAGro, Alfredo Catal\u00e1n Guti\u00e9rrez, afirm\u00f3 que Guerrero y Acapulco, ocupan&hellip; <\/p>\n","protected":false},"author":1,"featured_media":0,"comment_status":"closed","ping_status":"closed","sticky":false,"template":"","format":"standard","meta":{"fifu_image_url":"","fifu_image_alt":"","footnotes":""},"categories":[8,23],"tags":[],"class_list":["post-24608","post","type-post","status-publish","format-standard","hentry","category-featured","category-regionales"],"_links":{"self":[{"href":"https:\/\/www.interaccionnoticias.com.mx\/index.php?rest_route=\/wp\/v2\/posts\/24608","targetHints":{"allow":["GET"]}}],"collection":[{"href":"https:\/\/www.interaccionnoticias.com.mx\/index.php?rest_route=\/wp\/v2\/posts"}],"about":[{"href":"https:\/\/www.interaccionnoticias.com.mx\/index.php?rest_route=\/wp\/v2\/types\/post"}],"author":[{"embeddable":true,"href":"https:\/\/www.interaccionnoticias.com.mx\/index.php?rest_route=\/wp\/v2\/users\/1"}],"replies":[{"embeddable":true,"href":"https:\/\/www.interaccionnoticias.com.mx\/index.php?rest_route=%2Fwp%2Fv2%2Fcomments&post=24608"}],"version-history":[{"count":0,"href":"https:\/\/www.interaccionnoticias.com.mx\/index.php?rest_route=\/wp\/v2\/posts\/24608\/revisions"}],"wp:attachment":[{"href":"https:\/\/www.interaccionnoticias.com.mx\/index.php?rest_route=%2Fwp%2Fv2%2Fmedia&parent=24608"}],"wp:term":[{"taxonomy":"category","embeddable":true,"href":"https:\/\/www.interaccionnoticias.com.mx\/index.php?rest_route=%2Fwp%2Fv2%2Fcategories&post=24608"},{"taxonomy":"post_tag","embeddable":true,"href":"https:\/\/www.interaccionnoticias.com.mx\/index.php?rest_route=%2Fwp%2Fv2%2Ftags&post=24608"}],"curies":[{"name":"wp","href":"https:\/\/api.w.org\/{rel}","templated":true}]}}