{"id":24605,"date":"2019-04-25T19:05:22","date_gmt":"2019-04-26T00:05:22","guid":{"rendered":"http:\/\/www.inter-accion.com.mx\/?p=24605"},"modified":"2019-04-25T19:05:22","modified_gmt":"2019-04-26T00:05:22","slug":"denuncian-a-la-abuela-y-padrastro-por-maltrato-infantil-en-acapulco","status":"publish","type":"post","link":"https:\/\/www.interaccionnoticias.com.mx\/?p=24605","title":{"rendered":"Denuncian a la abuela y padrastro por maltrato infantil en Acapulco"},"content":{"rendered":"<p><strong>La hermanita del afectado los denunci\u00f3<\/strong><br \/>\n<strong>Acapulco, Gro. \u2013<\/strong> Desde hace varias semanas, una menor denunciaba a los vecinos que la abuela materna, y el padrastro, maltrataban a ella y sus dos hermanos de uno y tres a\u00f1os de edad.<br \/>\nSe trata del maltrato a tres menores de edad, Andrea, Luis Miguel y otra ni\u00f1a de seis a\u00f1os la cual actualmente se encuentra en un \u201cCampamento Cristiano\u201d, para protegerla tras los malos tratos recibidos.<br \/>\nSe sabe que los hechos fueron denunciados a trav\u00e9s de un v\u00eddeo que circul\u00f3 en redes sociales con duraci\u00f3n de cinco minutos y 40 segundos, y se presume fue grabado por vecinos de la calle Tulipanes de la colonia 19 de noviembre del poblado de Llano Largo, en Acapulco.<br \/>\nA su vez el DIF-Guerrero, y la Procuradur\u00eda de Protecci\u00f3n de Derechos de los Ni\u00f1os, ni\u00f1as y adolescentes, Luis \u00c1ngel Renter\u00eda, present\u00f3 denuncia por violencia en contra de la abuela ante el Ministerio P\u00fablico.<br \/>\nEn el video se pide la intervenci\u00f3n de las autoridades, con la finalidad de que la mujer de la tercera edad deje de maltratar a los menores, debido al da\u00f1o psicol\u00f3gico y f\u00edsico que dicen presentan los menores.<br \/>\nEn las im\u00e1genes se observa a la abuela, identificada como Nelly de unos 75 a\u00f1os de edad, golpear a una menor en repetidas ocasiones, para despu\u00e9s dejarla en el piso, cerca de sus pies.<br \/>\nEn tanto, le grita al otro menor, un ni\u00f1o de tres a\u00f1os identificado como Luis Manuel, que se presume presenta un trastorno de crecimiento, bajando las escaleras de la vivienda desnudo.<br \/>\nEste d\u00eda Luis \u00c1ngel Renter\u00eda Pantale\u00f3n, procurador regional de protecci\u00f3n de derechos de ni\u00f1os y ni\u00f1as y adolescentes, acudi\u00f3 a presentar denuncia penal ante el MP en contra de la abuela materna.<br \/>\n\u201cLlegamos al domicilio a las siete de la ma\u00f1ana, atendiendo una denuncia ante el DIF-Guerrero, por lo que acudimos para brindar la protecci\u00f3n a los menores porque sufr\u00edan maltrato por parte de la abuelita.<br \/>\n\u201cSe dar\u00e1 seguimiento jur\u00eddico, m\u00e9dico y psicol\u00f3gico para brindarle la atenci\u00f3n adecuada a estos menores.<br \/>\nTras la llegada del personal de la Procuradur\u00eda del Menor, se registr\u00f3 un diferendo entre el DIF-Guerrero y DIF-Acapulco.<br \/>\nSe analizar\u00e1 la situaci\u00f3n de los menores de edad que podr\u00edan al cuidado y supervisi\u00f3n de uno de los hermanos de la madre de los tres menores, por lo que ya se analiza la situaci\u00f3n econ\u00f3mica del t\u00edo de los tres infantes.<\/p>\n","protected":false},"excerpt":{"rendered":"<p>La hermanita del afectado los denunci\u00f3 Acapulco, Gro. \u2013 Desde hace varias semanas, una menor denunciaba a los vecinos que la abuela materna, y el padrastro, maltrataban a ella y&hellip; <\/p>\n","protected":false},"author":1,"featured_media":0,"comment_status":"closed","ping_status":"closed","sticky":false,"template":"","format":"standard","meta":{"fifu_image_url":"","fifu_image_alt":"","footnotes":""},"categories":[8,23],"tags":[],"class_list":["post-24605","post","type-post","status-publish","format-standard","hentry","category-featured","category-regionales"],"_links":{"self":[{"href":"https:\/\/www.interaccionnoticias.com.mx\/index.php?rest_route=\/wp\/v2\/posts\/24605","targetHints":{"allow":["GET"]}}],"collection":[{"href":"https:\/\/www.interaccionnoticias.com.mx\/index.php?rest_route=\/wp\/v2\/posts"}],"about":[{"href":"https:\/\/www.interaccionnoticias.com.mx\/index.php?rest_route=\/wp\/v2\/types\/post"}],"author":[{"embeddable":true,"href":"https:\/\/www.interaccionnoticias.com.mx\/index.php?rest_route=\/wp\/v2\/users\/1"}],"replies":[{"embeddable":true,"href":"https:\/\/www.interaccionnoticias.com.mx\/index.php?rest_route=%2Fwp%2Fv2%2Fcomments&post=24605"}],"version-history":[{"count":0,"href":"https:\/\/www.interaccionnoticias.com.mx\/index.php?rest_route=\/wp\/v2\/posts\/24605\/revisions"}],"wp:attachment":[{"href":"https:\/\/www.interaccionnoticias.com.mx\/index.php?rest_route=%2Fwp%2Fv2%2Fmedia&parent=24605"}],"wp:term":[{"taxonomy":"category","embeddable":true,"href":"https:\/\/www.interaccionnoticias.com.mx\/index.php?rest_route=%2Fwp%2Fv2%2Fcategories&post=24605"},{"taxonomy":"post_tag","embeddable":true,"href":"https:\/\/www.interaccionnoticias.com.mx\/index.php?rest_route=%2Fwp%2Fv2%2Ftags&post=24605"}],"curies":[{"name":"wp","href":"https:\/\/api.w.org\/{rel}","templated":true}]}}