{"id":24602,"date":"2019-04-25T19:01:06","date_gmt":"2019-04-26T00:01:06","guid":{"rendered":"http:\/\/www.inter-accion.com.mx\/?p=24602"},"modified":"2019-04-25T19:01:06","modified_gmt":"2019-04-26T00:01:06","slug":"reportan-desaparicion-de-armas-en-la-policia-preventiva","status":"publish","type":"post","link":"https:\/\/www.interaccionnoticias.com.mx\/?p=24602","title":{"rendered":"Reportan desaparici\u00f3n de armas en la polic\u00eda preventiva"},"content":{"rendered":"<p><strong>Por lo menos dos casos est\u00e1n confirmados<\/strong><br \/>\nEl alcalde Antonio Gaspar Beltr\u00e1n inform\u00f3 que durante su administraci\u00f3n se han extraviado dos armas de la Secretar\u00eda de Seguridad P\u00fablica Municipal.<br \/>\nEn entrevista, el edil perredista indic\u00f3 que ya se presentaron las denuncias por robo ante el Ministerio P\u00fablico local y adem\u00e1s, se procedi\u00f3 a descontar el costo de las armas a los polic\u00edas preventivos que las ten\u00edan asignadas.<br \/>\nPrecis\u00f3 que \u00abla gran mayor\u00eda\u00bb de las armas est\u00e1n depositadas en Secretar\u00eda de Seguridad P\u00fablica Estatal, desde que la Polic\u00eda Preventiva de Chilpancingo fue inhabilitada en abril del a\u00f1o pasado, por la posible participaci\u00f3n de elementos en la desaparici\u00f3n y ejecuci\u00f3n extrajudicial de al menos dos personas.<br \/>\nGaspar Beltr\u00e1n indic\u00f3 que aunque ya se reactiv\u00f3 la operaci\u00f3n de la corporaci\u00f3n, su gobierno no ha solicitado que se le regrese el armamento.<br \/>\nAntes de hacerlo, dijo que esperar\u00e1 a que todos los uniformados est\u00e9n debidamente certificados.<br \/>\n\u00abPrimero vamos a proceder a capacitar a nuestra gente. Yo no quiero tantas armas en la calle, yo lo que quiero es que haya polic\u00edas experimentados y capacitados para tratar con la gente, sin la necesidad de que haya tantas armas\u00bb, argument\u00f3 el alcalde.<br \/>\nTambi\u00e9n se le cuestion\u00f3 respecto a los recientes asesinatos en la ciudad. En ese sentido, hizo un llamado a los medios de comunicaci\u00f3n a \u00abresaltar tambi\u00e9n lo positivo\u00bb y no s\u00f3lo la violencia.<br \/>\nGaspar Beltr\u00e1n exigi\u00f3 a los medios \u00abreconocer\u00bb los datos que recientemente public\u00f3 el INEGI, en los que se muestra una disminuci\u00f3n de siete puntos en la percepci\u00f3n de violencia e inseguridad en Chilpancingo.<br \/>\n\u00abAh\u00ed le encargo a los medios que nos ayuden a resaltar tambi\u00e9n lo positivo, lo bueno, los logros, los avances que hay\u00bb, demand\u00f3.<br \/>\nEl presidente municipal reconoci\u00f3 que \u00abs\u00ed hay delincuencia\u00bb y es algo que no se va a \u00abacabar totalmente\u00bb.<br \/>\nAunque reconoci\u00f3 que la violencia en la capital est\u00e1 por encima de la media nacional, dijo que no est\u00e1 tan alejada.<br \/>\nAsimismo, subray\u00f3 que este a\u00f1o se realizar\u00e1 una inversi\u00f3n \u00abhist\u00f3rica\u00bb de m\u00e1s de 30 millones de pesos, como parte del Programa para el Fortalecimiento de la Seguridad (Fortaseg).<br \/>\nCon ese recurso, dijo que ser\u00e1 posible profesionalizar a la polic\u00eda municipal, para que tenga un buen desempe\u00f1o y refuerce la seguridad en coordinaci\u00f3n con la Guardia Nacional, cuando \u00e9sta llegue a Chilpancingo.<br \/>\nTambi\u00e9n se le cuestion\u00f3 sobre el caso del hombre que fue asesinado afuera de la Secretar\u00eda de Seguridad P\u00fablica Municipal, cuando sal\u00eda de barandilla.<br \/>\nGaspar Beltr\u00e1n rechaz\u00f3 que el homicidio haya ocurrido \u00aben las mismas condiciones\u00bb que los asesinatos de dos j\u00f3venes en diciembre de 2017, perpetrados presuntamente por elementos de la Polic\u00eda Preventiva.<br \/>\n\u00abNo creo que haya sido en las mismas condiciones porque \u00e9l ya estaba afuera de las instalaciones de la Polic\u00eda Municipal\u00bb, asever\u00f3.<br \/>\nA\u00fan as\u00ed, dio que su asesinato \u00abes algo que se lamenta mucho\u00bb y que a \u00e9l particularmente le \u00abirrita mucha\u00bb que haya ocurrido afuera de la comandancia.<br \/>\n\u00abPor eso le ped\u00ed a mi secretario de Seguridad P\u00fablica que saliera a dar la cara, a decir qu\u00e9 fue lo que nosotros hicimos. La agresi\u00f3n se repeli\u00f3 en su momento. Insisto en que la delincuencia act\u00faa con premeditaci\u00f3n, alevos\u00eda y ventaja. Si supi\u00e9ramos a d\u00f3nde va a actuar (ir\u00edamos), porque correlones no somos. Nos enfrentar\u00edamos a la delincuencia de ser necesario\u00bb, sentenci\u00f3.<\/p>\n","protected":false},"excerpt":{"rendered":"<p>Por lo menos dos casos est\u00e1n confirmados El alcalde Antonio Gaspar Beltr\u00e1n inform\u00f3 que durante su administraci\u00f3n se han extraviado dos armas de la Secretar\u00eda de Seguridad P\u00fablica Municipal. En&hellip; <\/p>\n","protected":false},"author":1,"featured_media":0,"comment_status":"closed","ping_status":"closed","sticky":false,"template":"","format":"standard","meta":{"fifu_image_url":"","fifu_image_alt":"","footnotes":""},"categories":[8,27],"tags":[],"class_list":["post-24602","post","type-post","status-publish","format-standard","hentry","category-featured","category-seguridad-publica"],"_links":{"self":[{"href":"https:\/\/www.interaccionnoticias.com.mx\/index.php?rest_route=\/wp\/v2\/posts\/24602","targetHints":{"allow":["GET"]}}],"collection":[{"href":"https:\/\/www.interaccionnoticias.com.mx\/index.php?rest_route=\/wp\/v2\/posts"}],"about":[{"href":"https:\/\/www.interaccionnoticias.com.mx\/index.php?rest_route=\/wp\/v2\/types\/post"}],"author":[{"embeddable":true,"href":"https:\/\/www.interaccionnoticias.com.mx\/index.php?rest_route=\/wp\/v2\/users\/1"}],"replies":[{"embeddable":true,"href":"https:\/\/www.interaccionnoticias.com.mx\/index.php?rest_route=%2Fwp%2Fv2%2Fcomments&post=24602"}],"version-history":[{"count":0,"href":"https:\/\/www.interaccionnoticias.com.mx\/index.php?rest_route=\/wp\/v2\/posts\/24602\/revisions"}],"wp:attachment":[{"href":"https:\/\/www.interaccionnoticias.com.mx\/index.php?rest_route=%2Fwp%2Fv2%2Fmedia&parent=24602"}],"wp:term":[{"taxonomy":"category","embeddable":true,"href":"https:\/\/www.interaccionnoticias.com.mx\/index.php?rest_route=%2Fwp%2Fv2%2Fcategories&post=24602"},{"taxonomy":"post_tag","embeddable":true,"href":"https:\/\/www.interaccionnoticias.com.mx\/index.php?rest_route=%2Fwp%2Fv2%2Ftags&post=24602"}],"curies":[{"name":"wp","href":"https:\/\/api.w.org\/{rel}","templated":true}]}}