{"id":2449,"date":"2017-03-01T18:34:08","date_gmt":"2017-03-02T00:34:08","guid":{"rendered":"http:\/\/www.inter-accion.com.mx\/?p=2449"},"modified":"2017-03-01T18:34:08","modified_gmt":"2017-03-02T00:34:08","slug":"ejecutan-a-dos-jovenes-en-chilpancingo","status":"publish","type":"post","link":"https:\/\/www.interaccionnoticias.com.mx\/?p=2449","title":{"rendered":"Ejecutan a dos j\u00f3venes en Chilpancingo"},"content":{"rendered":"<p>* En la colonia el Amate, se movilizan militares y polic\u00edas<br \/>\nLa tarde del mi\u00e9rcoles, dos j\u00f3venes fueron ejecutados a balazos en la calle Tabachines de la colonia El Amate, en el sector norte de la capital de Guerrero.<br \/>\nAproximadamente a las 16:40 horas de la tarde, vecinos de la calle antes mencionada corrieron a refugiarse en sus domicilios, luego de que escucharan detonaciones de varias armas de fuego.<br \/>\nSobre la vialidad, dos j\u00f3venes de aproximados 18 a\u00f1os de edad quedaron tirados sin vida, los vecinos del lugar solamente los ubicaron como dos estudiantes, aunque no precisaron de que instituci\u00f3n.<br \/>\nEl lugar se desplazaron elementos del Ej\u00e9rcito Mexicano, de la Polic\u00eda del Estado y de la Polic\u00eda Ministerial (PME), adem\u00e1s de personal del Servicio M\u00e9dico Forense (SEMEFO).<br \/>\nUna mujer de aproxinados 40 a\u00f1os se acerc\u00f3 para solicitar a los polic\u00edas que le permitieran cerciorarse de que uno de los abatidos era hijo suyo, sin embargo, el personal de seguridad le impidi\u00f3 acercarse.<\/p>\n","protected":false},"excerpt":{"rendered":"<p>* En la colonia el Amate, se movilizan militares y polic\u00edas La tarde del mi\u00e9rcoles, dos j\u00f3venes fueron ejecutados a balazos en la calle Tabachines de la colonia El Amate,&hellip; <\/p>\n","protected":false},"author":1,"featured_media":0,"comment_status":"open","ping_status":"open","sticky":false,"template":"","format":"standard","meta":{"fifu_image_url":"","fifu_image_alt":"","footnotes":""},"categories":[8,27],"tags":[],"class_list":["post-2449","post","type-post","status-publish","format-standard","hentry","category-featured","category-seguridad-publica"],"_links":{"self":[{"href":"https:\/\/www.interaccionnoticias.com.mx\/index.php?rest_route=\/wp\/v2\/posts\/2449","targetHints":{"allow":["GET"]}}],"collection":[{"href":"https:\/\/www.interaccionnoticias.com.mx\/index.php?rest_route=\/wp\/v2\/posts"}],"about":[{"href":"https:\/\/www.interaccionnoticias.com.mx\/index.php?rest_route=\/wp\/v2\/types\/post"}],"author":[{"embeddable":true,"href":"https:\/\/www.interaccionnoticias.com.mx\/index.php?rest_route=\/wp\/v2\/users\/1"}],"replies":[{"embeddable":true,"href":"https:\/\/www.interaccionnoticias.com.mx\/index.php?rest_route=%2Fwp%2Fv2%2Fcomments&post=2449"}],"version-history":[{"count":0,"href":"https:\/\/www.interaccionnoticias.com.mx\/index.php?rest_route=\/wp\/v2\/posts\/2449\/revisions"}],"wp:attachment":[{"href":"https:\/\/www.interaccionnoticias.com.mx\/index.php?rest_route=%2Fwp%2Fv2%2Fmedia&parent=2449"}],"wp:term":[{"taxonomy":"category","embeddable":true,"href":"https:\/\/www.interaccionnoticias.com.mx\/index.php?rest_route=%2Fwp%2Fv2%2Fcategories&post=2449"},{"taxonomy":"post_tag","embeddable":true,"href":"https:\/\/www.interaccionnoticias.com.mx\/index.php?rest_route=%2Fwp%2Fv2%2Ftags&post=2449"}],"curies":[{"name":"wp","href":"https:\/\/api.w.org\/{rel}","templated":true}]}}