{"id":2441,"date":"2017-03-01T15:49:31","date_gmt":"2017-03-01T21:49:31","guid":{"rendered":"http:\/\/www.inter-accion.com.mx\/?p=2441"},"modified":"2017-03-01T15:49:31","modified_gmt":"2017-03-01T21:49:31","slug":"matan-a-un-taxista-y-queman-la-unidad","status":"publish","type":"post","link":"https:\/\/www.interaccionnoticias.com.mx\/?p=2441","title":{"rendered":"Matan a un taxista y queman la unidad"},"content":{"rendered":"<p>Hechos en Acapulco en la zona conurbada<br \/>\nAcapulco, Gro.- Un hombre fue asesinado a balazos, y el taxi del servicio p\u00fablico en el que trabajaba fue incendiado en la colonia Arroyo Seco, en la zona conurbada de Acapulco.<br \/>\nLos hechos se registraron al filo de las 06:30 horas aproximadamente en las inmediaciones de la avenida Juan N \u00c1lvarez, donde qued\u00f3 incendiado y muerto el chofer del taxi colectivo de la marca Nissan, tipo Sentra con placas 1100-FFS de la ruta Renacimiento-Centro, del sitio de la Giovanna.<br \/>\nLo anterior moviliz\u00f3 a personal del cuerpo de Bomberos, quienes al llegar a lugar del incendio encontraron el cad\u00e1ver calcinado de un hombre con al menos un disparo en la cabeza.<br \/>\nAl arribar al lugar a bordo de la unidad n\u00famero 33 de Bomberos del sector de Ciudad Renacimiento, sofocaron el incendio y lograron extraer del veh\u00edculo al conductor quien ya se encontraba sin vida y calcinado.<br \/>\nSegun informes ministeriales la v\u00edctima se encuentra en calidad de desconocido. Se indica que un hombre lleg\u00f3 al sitio de taxis, abord\u00f3 la unidad, y pidi\u00f3 un viaje especial.<br \/>\nTras el levantamiento cadav\u00e9rico fue trasladado al Servicio M\u00e9dico Forense de la Fiscal\u00eda Regional de Acapulco.<\/p>\n","protected":false},"excerpt":{"rendered":"<p>Hechos en Acapulco en la zona conurbada Acapulco, Gro.- Un hombre fue asesinado a balazos, y el taxi del servicio p\u00fablico en el que trabajaba fue incendiado en la colonia&hellip; <\/p>\n","protected":false},"author":1,"featured_media":0,"comment_status":"open","ping_status":"open","sticky":false,"template":"","format":"standard","meta":{"fifu_image_url":"","fifu_image_alt":"","footnotes":""},"categories":[8,27],"tags":[],"class_list":["post-2441","post","type-post","status-publish","format-standard","hentry","category-featured","category-seguridad-publica"],"_links":{"self":[{"href":"https:\/\/www.interaccionnoticias.com.mx\/index.php?rest_route=\/wp\/v2\/posts\/2441","targetHints":{"allow":["GET"]}}],"collection":[{"href":"https:\/\/www.interaccionnoticias.com.mx\/index.php?rest_route=\/wp\/v2\/posts"}],"about":[{"href":"https:\/\/www.interaccionnoticias.com.mx\/index.php?rest_route=\/wp\/v2\/types\/post"}],"author":[{"embeddable":true,"href":"https:\/\/www.interaccionnoticias.com.mx\/index.php?rest_route=\/wp\/v2\/users\/1"}],"replies":[{"embeddable":true,"href":"https:\/\/www.interaccionnoticias.com.mx\/index.php?rest_route=%2Fwp%2Fv2%2Fcomments&post=2441"}],"version-history":[{"count":0,"href":"https:\/\/www.interaccionnoticias.com.mx\/index.php?rest_route=\/wp\/v2\/posts\/2441\/revisions"}],"wp:attachment":[{"href":"https:\/\/www.interaccionnoticias.com.mx\/index.php?rest_route=%2Fwp%2Fv2%2Fmedia&parent=2441"}],"wp:term":[{"taxonomy":"category","embeddable":true,"href":"https:\/\/www.interaccionnoticias.com.mx\/index.php?rest_route=%2Fwp%2Fv2%2Fcategories&post=2441"},{"taxonomy":"post_tag","embeddable":true,"href":"https:\/\/www.interaccionnoticias.com.mx\/index.php?rest_route=%2Fwp%2Fv2%2Ftags&post=2441"}],"curies":[{"name":"wp","href":"https:\/\/api.w.org\/{rel}","templated":true}]}}