{"id":2438,"date":"2017-03-01T14:29:04","date_gmt":"2017-03-01T20:29:04","guid":{"rendered":"http:\/\/www.inter-accion.com.mx\/?p=2438"},"modified":"2017-03-01T14:29:04","modified_gmt":"2017-03-01T20:29:04","slug":"se-realizaron-los-foros-regionales-de-consulta-en-las-diferentes-regiones-del-estado","status":"publish","type":"post","link":"https:\/\/www.interaccionnoticias.com.mx\/?p=2438","title":{"rendered":"Se realizaron los foros regionales de consulta en las diferentes regiones del estado"},"content":{"rendered":"<p>El gobierno del Estado a trav\u00e9s de la Secretaria General de Gobierno, en coordinaci\u00f3n con Poder Legislativo, el Ayuntamiento de Olinal\u00e1 y la Universidad Aut\u00f3noma de Guerrero realizaron los \u201cForos Regionales de Consulta\u201d en cumplimiento a la recomendaci\u00f3n 9\/2016 emitida por la Comisi\u00f3n Nacional de los Derechos Humanos \u201cpara asegurar el pleno respeto a la autonom\u00eda y autodeterminaci\u00f3n de los pueblos y comunidades ind\u00edgenas\u201d.<br \/>\nLa consulta tuvo como objetivo recabar la opini\u00f3n de todos aquellos individuos pertenecientes a comunidades y pueblos ind\u00edgenas, as\u00ed como de afromexicanos y de la sociedad en general, sobre asuntos que definan como m\u00ednimo una adecuada delimitaci\u00f3n de competencias en las materias de seguridad p\u00fablica e impartici\u00f3n de justicia; as\u00ed como el establecimiento de mecanismos legales de vinculaci\u00f3n y coordinaci\u00f3n entre los sistemas normativos ind\u00edgenas y analizar la pertinencia de presentar iniciativas de reforma al art\u00edculo 14 de la Constituci\u00f3n de Guerrero.<br \/>\nLa Universidad Aut\u00f3noma de Guerrero, que fue la instituci\u00f3n organizadora de los foros, recibi\u00f3 por escrito en las diferentes regiones 75 ponencias, incluyendo las de Acapulco cuyo foro se vio interrumpido por un grupo de inconformes.<br \/>\nSe presentaron ponencias que fueron traducidas en diferentes lenguas madre. Para tal efecto la Secretar\u00eda de asuntos ind\u00edgenas y comunidades afromexicanas comision\u00f3 a traductores en leguas N\u00e1huatl, Mixteco, Tlapaneco y Amuzgo.<br \/>\n&nbsp;<\/p>\n","protected":false},"excerpt":{"rendered":"<p>El gobierno del Estado a trav\u00e9s de la Secretaria General de Gobierno, en coordinaci\u00f3n con Poder Legislativo, el Ayuntamiento de Olinal\u00e1 y la Universidad Aut\u00f3noma de Guerrero realizaron los \u201cForos&hellip; <\/p>\n","protected":false},"author":1,"featured_media":0,"comment_status":"open","ping_status":"open","sticky":false,"template":"","format":"standard","meta":{"fifu_image_url":"","fifu_image_alt":"","footnotes":""},"categories":[8,11],"tags":[],"class_list":["post-2438","post","type-post","status-publish","format-standard","hentry","category-featured","category-guerrero"],"_links":{"self":[{"href":"https:\/\/www.interaccionnoticias.com.mx\/index.php?rest_route=\/wp\/v2\/posts\/2438","targetHints":{"allow":["GET"]}}],"collection":[{"href":"https:\/\/www.interaccionnoticias.com.mx\/index.php?rest_route=\/wp\/v2\/posts"}],"about":[{"href":"https:\/\/www.interaccionnoticias.com.mx\/index.php?rest_route=\/wp\/v2\/types\/post"}],"author":[{"embeddable":true,"href":"https:\/\/www.interaccionnoticias.com.mx\/index.php?rest_route=\/wp\/v2\/users\/1"}],"replies":[{"embeddable":true,"href":"https:\/\/www.interaccionnoticias.com.mx\/index.php?rest_route=%2Fwp%2Fv2%2Fcomments&post=2438"}],"version-history":[{"count":0,"href":"https:\/\/www.interaccionnoticias.com.mx\/index.php?rest_route=\/wp\/v2\/posts\/2438\/revisions"}],"wp:attachment":[{"href":"https:\/\/www.interaccionnoticias.com.mx\/index.php?rest_route=%2Fwp%2Fv2%2Fmedia&parent=2438"}],"wp:term":[{"taxonomy":"category","embeddable":true,"href":"https:\/\/www.interaccionnoticias.com.mx\/index.php?rest_route=%2Fwp%2Fv2%2Fcategories&post=2438"},{"taxonomy":"post_tag","embeddable":true,"href":"https:\/\/www.interaccionnoticias.com.mx\/index.php?rest_route=%2Fwp%2Fv2%2Ftags&post=2438"}],"curies":[{"name":"wp","href":"https:\/\/api.w.org\/{rel}","templated":true}]}}