{"id":2434,"date":"2017-03-01T14:07:20","date_gmt":"2017-03-01T20:07:20","guid":{"rendered":"http:\/\/www.inter-accion.com.mx\/?p=2434"},"modified":"2017-03-01T14:07:20","modified_gmt":"2017-03-01T20:07:20","slug":"marchan-simpatizantes-de-la-crac-para-exigir-la-cancelacion-de-40-ordenes-de-aprehension","status":"publish","type":"post","link":"https:\/\/www.interaccionnoticias.com.mx\/?p=2434","title":{"rendered":"Marchan simpatizantes de la CRAC para exigir la cancelaci\u00f3n de 40 \u00f3rdenes de aprehensi\u00f3n"},"content":{"rendered":"<p>Integrantes de la Coordinadora Regional de Autoridades Comunitarias (CRAC) de la fracci\u00f3n Pueblos Fundadores (PF) marchan sobre dos carriles de la Autopista del Sol en Chilpancingo, exigen la cancelaci\u00f3n de por lo menos 40 \u00f3rdenes de aprehensi\u00f3n.<br \/>\nLos simpatizantes de la Polic\u00eda Comunitaria llegaron a Chilpancingo desde la jornada del lunes 28 de febrero, pero fue hasta la ma\u00f1ana del martes 1 de marzo cuando se trasladaron hacia la parte norte de la ciudad, en las inmediaciones de la estatua de El Caballito.<br \/>\nDe ah\u00ed comenzaron una marcha hacia los carriles norte-sur de la Autopista del Sol, con la intenci\u00f3n de reclamar la libertad de sus compa\u00f1eros presos, adem\u00e1s de exigir la permanencia de la ley 701, que permite la operaci\u00f3n de la PC en los pueblos de origen ind\u00edgena.<br \/>\nAunque la movilizaci\u00f3n cierra dos de los cuatro carriles de la carretera de cuota, los automovil\u00edstas tienen la opci\u00f3n de circular por las laterales del boulevard Vicente Guerrero Salda\u00f1a, por lo que no hay una paralizaci\u00f3n total.<br \/>\nAunque la polic\u00eda ya monitorea la protesta, hasta el momento no se registra ning\u00fan roce con los manifestantes.<br \/>\nLos promotores de la CRAC-PC esperan que haya un espacio de dialogo con el Poder Judicial local, para efecto de anular al menos 40 \u00f3rdenes de aprehensi\u00f3n, que se les han integrado a partir de su trabajo de prevenci\u00f3n del delito.<\/p>\n","protected":false},"excerpt":{"rendered":"<p>Integrantes de la Coordinadora Regional de Autoridades Comunitarias (CRAC) de la fracci\u00f3n Pueblos Fundadores (PF) marchan sobre dos carriles de la Autopista del Sol en Chilpancingo, exigen la cancelaci\u00f3n de&hellip; <\/p>\n","protected":false},"author":1,"featured_media":0,"comment_status":"open","ping_status":"open","sticky":false,"template":"","format":"standard","meta":{"fifu_image_url":"","fifu_image_alt":"","footnotes":""},"categories":[8,15],"tags":[],"class_list":["post-2434","post","type-post","status-publish","format-standard","hentry","category-featured","category-movimientos-sociales"],"_links":{"self":[{"href":"https:\/\/www.interaccionnoticias.com.mx\/index.php?rest_route=\/wp\/v2\/posts\/2434","targetHints":{"allow":["GET"]}}],"collection":[{"href":"https:\/\/www.interaccionnoticias.com.mx\/index.php?rest_route=\/wp\/v2\/posts"}],"about":[{"href":"https:\/\/www.interaccionnoticias.com.mx\/index.php?rest_route=\/wp\/v2\/types\/post"}],"author":[{"embeddable":true,"href":"https:\/\/www.interaccionnoticias.com.mx\/index.php?rest_route=\/wp\/v2\/users\/1"}],"replies":[{"embeddable":true,"href":"https:\/\/www.interaccionnoticias.com.mx\/index.php?rest_route=%2Fwp%2Fv2%2Fcomments&post=2434"}],"version-history":[{"count":0,"href":"https:\/\/www.interaccionnoticias.com.mx\/index.php?rest_route=\/wp\/v2\/posts\/2434\/revisions"}],"wp:attachment":[{"href":"https:\/\/www.interaccionnoticias.com.mx\/index.php?rest_route=%2Fwp%2Fv2%2Fmedia&parent=2434"}],"wp:term":[{"taxonomy":"category","embeddable":true,"href":"https:\/\/www.interaccionnoticias.com.mx\/index.php?rest_route=%2Fwp%2Fv2%2Fcategories&post=2434"},{"taxonomy":"post_tag","embeddable":true,"href":"https:\/\/www.interaccionnoticias.com.mx\/index.php?rest_route=%2Fwp%2Fv2%2Ftags&post=2434"}],"curies":[{"name":"wp","href":"https:\/\/api.w.org\/{rel}","templated":true}]}}