{"id":24323,"date":"2019-04-15T14:33:38","date_gmt":"2019-04-15T19:33:38","guid":{"rendered":"http:\/\/www.inter-accion.com.mx\/?p=24323"},"modified":"2019-04-15T14:33:38","modified_gmt":"2019-04-15T19:33:38","slug":"analizan-estrategia-de-seguridad-en-taxco-en-el-marco-de-la-semana-santa","status":"publish","type":"post","link":"https:\/\/www.interaccionnoticias.com.mx\/?p=24323","title":{"rendered":"Analizan estrategia de seguridad en Taxco, en el marco de la Semana Santa"},"content":{"rendered":"<p><strong>Revisan causas del repunte en la incidencia delictiva<\/strong><br \/>\nEl gobernador H\u00e9ctor Astudillo Flores encabez\u00f3 la sesi\u00f3n de la Coordinaci\u00f3n Estatal para la Construcci\u00f3n de la Paz, en la que se anunci\u00f3 el despliegue que realizar\u00e1n las fuerzas armadas y las corporaciones policiacas de los tres niveles para resguardar a la poblaci\u00f3n y a los visitantes durante la Semana Santa en Taxco.<br \/>\nAstudillo Flores inform\u00f3 que la Polic\u00eda Federal y la Polic\u00eda del Estado reforzar\u00e1 su presencia en Taxco, para que junto con el despliegue que present\u00f3 la Secretar\u00eda de la Defensa Nacional contenga y disminuya el repunte de la incidencia delictiva en la zona.<br \/>\nEn consecuencia, se analiz\u00f3 el contexto de violencia y se acord\u00f3 implementar operativos conjuntos a trav\u00e9s del an\u00e1lisis de mapas delictivos en las \u00e1reas de mayor incidencia delictiva.<br \/>\nEl comandante de la Novena Regi\u00f3n Militar, General Juan Manuel Rico G\u00e1mez present\u00f3 el despliegue que la Sedena implementar\u00e1 en el municipio de Taxco, en la ruta de disminuir el repunte delictivo y las secciones de proximidad social, as\u00ed como las tareas de protecci\u00f3n con motivo de la Semana Santa.<br \/>\nAnalizan repunte de la incidencia delictiva<br \/>\nTambi\u00e9n se revisaron las acciones de seguridad por el repunte que ha registrado el municipio en las \u00faltimas semanas.<br \/>\nSe analizaron las alternativas para apoyar a la Polic\u00eda Preventiva del ayuntamiento de Taxco, que actualmente se encuentra desarmada.<br \/>\nEstuvo presente el presiente municipal de Taxco, Marco Efr\u00e9n Parra, el secretario de Seguridad P\u00fablica del Estado, David Portillo Menchaca, el Fiscal General del Estado Jorge Zuriel de los Santos, as\u00ed como<br \/>\nrepresentantes de la Secretar\u00eda de Marina, Polic\u00eda Federal, Centro Nacional de Inteligencia y el secretario t\u00e9cnico Hermes Teodoro Gonz\u00e1lez.<\/p>\n","protected":false},"excerpt":{"rendered":"<p>Revisan causas del repunte en la incidencia delictiva El gobernador H\u00e9ctor Astudillo Flores encabez\u00f3 la sesi\u00f3n de la Coordinaci\u00f3n Estatal para la Construcci\u00f3n de la Paz, en la que se&hellip; <\/p>\n","protected":false},"author":1,"featured_media":0,"comment_status":"closed","ping_status":"closed","sticky":false,"template":"","format":"standard","meta":{"fifu_image_url":"","fifu_image_alt":"","footnotes":""},"categories":[8,11],"tags":[],"class_list":["post-24323","post","type-post","status-publish","format-standard","hentry","category-featured","category-guerrero"],"_links":{"self":[{"href":"https:\/\/www.interaccionnoticias.com.mx\/index.php?rest_route=\/wp\/v2\/posts\/24323","targetHints":{"allow":["GET"]}}],"collection":[{"href":"https:\/\/www.interaccionnoticias.com.mx\/index.php?rest_route=\/wp\/v2\/posts"}],"about":[{"href":"https:\/\/www.interaccionnoticias.com.mx\/index.php?rest_route=\/wp\/v2\/types\/post"}],"author":[{"embeddable":true,"href":"https:\/\/www.interaccionnoticias.com.mx\/index.php?rest_route=\/wp\/v2\/users\/1"}],"replies":[{"embeddable":true,"href":"https:\/\/www.interaccionnoticias.com.mx\/index.php?rest_route=%2Fwp%2Fv2%2Fcomments&post=24323"}],"version-history":[{"count":0,"href":"https:\/\/www.interaccionnoticias.com.mx\/index.php?rest_route=\/wp\/v2\/posts\/24323\/revisions"}],"wp:attachment":[{"href":"https:\/\/www.interaccionnoticias.com.mx\/index.php?rest_route=%2Fwp%2Fv2%2Fmedia&parent=24323"}],"wp:term":[{"taxonomy":"category","embeddable":true,"href":"https:\/\/www.interaccionnoticias.com.mx\/index.php?rest_route=%2Fwp%2Fv2%2Fcategories&post=24323"},{"taxonomy":"post_tag","embeddable":true,"href":"https:\/\/www.interaccionnoticias.com.mx\/index.php?rest_route=%2Fwp%2Fv2%2Ftags&post=24323"}],"curies":[{"name":"wp","href":"https:\/\/api.w.org\/{rel}","templated":true}]}}