{"id":24319,"date":"2019-04-15T11:56:32","date_gmt":"2019-04-15T16:56:32","guid":{"rendered":"http:\/\/www.inter-accion.com.mx\/?p=24319"},"modified":"2019-04-15T11:56:32","modified_gmt":"2019-04-15T16:56:32","slug":"consultoria-economica-19","status":"publish","type":"post","link":"https:\/\/www.interaccionnoticias.com.mx\/?p=24319","title":{"rendered":"CONSULTOR\u00cdA ECON\u00d3MICA"},"content":{"rendered":"<p><strong>El crecimiento econ\u00f3mico, reto principal de la 4T<\/strong><br \/>\n<strong>Inversiones, educaci\u00f3n y tecnolog\u00eda.<\/strong><br \/>\nLa definici\u00f3n m\u00e1s estricta de crecimiento econ\u00f3mico es la que indica que se produce un aumento de la renta o de los bienes y servicios que la econom\u00eda de un territorio produce en un a\u00f1o. Se han desarrollado diferentes modelos sobre el crecimiento econ\u00f3mico y sus causas. La idea general identifica ciertos factores como claves en el crecimiento econ\u00f3mico, a saber: <strong>La inversi\u00f3n en capital<\/strong>: Clave para que los trabajadores realicen su labor productiva en mejores condiciones y con la ayuda de m\u00e1s herramientas; <strong>la educaci\u00f3n<\/strong> que dota a los participantes en el proceso productivo de una preparaci\u00f3n que les ayuda a aumentar su producci\u00f3n con los mismos recursos y ser m\u00e1s efectivos y <strong>la tecnolog\u00eda<\/strong>, que facilita la evoluci\u00f3n en los modelos de trabajo, las herramientas y medios de producci\u00f3n y la investigaci\u00f3n.<br \/>\nEl estado de bienestar keynesiano, forma parte del modelo te\u00f3rico de crecimiento econ\u00f3mico que considera <strong>el empleo y los salarios como factor de la demanda efectiva, y por ello, como elemento positivo para la econom\u00eda<\/strong>. Este modelo dej\u00f3 de ser funcional para el capital cuando las tasas de ganancia a la baja, llegaron demasiado lejos a juicio del capital; a partir de all\u00ed, se sustituye este modelo por una variedad de capitalismo que considera el empleo y los salarios ya no como factor de la demanda efectiva, sino como un costo de producci\u00f3n que, como todo costo, debe reducirse al m\u00ednimo. Es as\u00ed como aparece el modelo Neo Liberal.<br \/>\nTal modelo, no se refiere s\u00f3lo a la econom\u00eda, puede ser visto como un esfuerzo global para reorganizar el orden social y subordinarlo plenamente a la l\u00f3gica de la acumulaci\u00f3n y el lucro. La reestructuraci\u00f3n del capitalismo se centr\u00f3 en una ofensiva contra el trabajo, que se devalu\u00f3, causando una masiva redistribuci\u00f3n de los ingresos del trabajo en favor del capital a escala global. Pero, <strong>el neoliberalismo, al generar producci\u00f3n global sin consumo global,<\/strong> elev\u00f3 a escala planetaria la contradicci\u00f3n irresoluble entre el crecimiento global de la producci\u00f3n y el declive mundial de los salarios reales.<br \/>\nBajo el Neo Liberalismo, <strong>el principal instrumento para expandir la demanda es la expansi\u00f3n del cr\u00e9dito<\/strong>, basado en el sobreendeudamiento de los hogares, las empresas y los gobiernos, especialmente en Estados Unidos, que se convirti\u00f3 en el consumidor de \u00faltima instancia. Pero esto result\u00f3 insuficiente para elevar la demanda efectiva a los niveles requeridos, lo que explica el papel de liderazgo de las burbujas financieras o financiarizaci\u00f3n.<br \/>\nPara el caso de nuestro M\u00e9xico, hoy se escuchan preocupantes se\u00f1alamientos por el comportamiento econ\u00f3mico del pa\u00eds y se hacen referencias sobre recortes en el pron\u00f3stico de su crecimiento. La Comisi\u00f3n Econ\u00f3mica para Am\u00e9rica Latina (Cepal), de la ONU, actualiza sus estimaciones para las econom\u00edas latinoamericanas y, para el caso mexicano redujo a 1.7% su pron\u00f3stico de crecimiento en el presente a\u00f1o. Con ello, en la escala regional, M\u00e9xico se coloca en n\u00famero 13 de 20 posibles y el 24 de 33 posibles, si se incluyen a las naciones caribe\u00f1as.<br \/>\nEl gobernador del Banco de M\u00e9xico, Alejandro D\u00edaz de Le\u00f3n, expuso en el Senado, los riesgos que pueden afectar al crecimiento de la econom\u00eda, y mencion\u00f3 una encuesta que Banxico realiz\u00f3 entre analistas y directivos empresariales, quienes mencionaron entre dichos riesgos: \u201c\u2026. la gobernanza e incluye problemas de inseguridad p\u00fablica e incertidumbre de pol\u00edtica interna, corrupci\u00f3n, impunidad\u201d.<br \/>\nPor su parte, la Secretar\u00eda de Hacienda y Cr\u00e9dito P\u00fablico (SHCP) envi\u00f3 al Congreso los Precriterios Generales de Pol\u00edtica Econ\u00f3mica para el 2020. En \u00e9l, sienta las bases para la discusi\u00f3n de las perspectivas econ\u00f3micas y las finanzas p\u00fablicas para el 2020; presenta un recuento de la evoluci\u00f3n de la econom\u00eda mundial y nacional y una actualizaci\u00f3n del escenario macroecon\u00f3mico y de finanzas p\u00fablicas para el 2019 y nuevos estimados para el 2020.<br \/>\nLos aspectos m\u00e1s importantes de car\u00e1cter macroecon\u00f3mico son: i) una revisi\u00f3n a la baja en la expectativa de crecimiento del PIB para el 2019 de un rango de 1.5-2.5% a uno de 1.1-2.1% y la introducci\u00f3n de un estimado preliminar de crecimiento del PIB para el 2020 en un rango de 1.4 a 2.4%; ii) un pron\u00f3stico de inflaci\u00f3n para el 2019 de 3.4% y un estimado preliminar de inflaci\u00f3n para el 2020 de 3.0%; iii) una revisi\u00f3n a la baja en el estimado de tipo de cambio peso\/d\u00f3lar promedio para el 2019 de 20.0 a 19.5 y la introducci\u00f3n de un estimado preliminar para el 2020 de 20.0 pesos por d\u00f3lar; iv) una disminuci\u00f3n en la tasa estimada del Cete a 28 d\u00edas de 8.3 a 8.0% para 2019 y un estimado de tasa de 7.8% para 2020, y v) una revisi\u00f3n al alza en el estimado de precio promedio de la mezcla mexicana de petr\u00f3leo para 2019 de 55 a 57 d\u00f3lares por barril y la introducci\u00f3n de un estimado preliminar de 55 d\u00f3lares para el 2020. Tiene como objetivo un d\u00e9ficit p\u00fablico de 2.0 y 1.6% del PIB para el 2019 y el 2020, respectivamente.<br \/>\nSe anticipa un super\u00e1vit primario de 1.0% del PIB para el 2019 y 1.3% para el 2020, con la deuda total del sector p\u00fablico representando 45.1% del PIB para ambos a\u00f1os. La revisi\u00f3n a la baja de los estimados de crecimiento para el 2019 representan que el gobierno deber\u00e1 mantener una fuerte pol\u00edtica de austeridad.<br \/>\nEl reto se presenta ante las expectativas generadas por el presidente L\u00f3pez Obrador, quien tiene grandes planes en cuesti\u00f3n de inversi\u00f3n en infraestructura y gasto p\u00fablico para programas sociales. Si los ahorros planeados no se dan, se tendr\u00e1n que posponer los fuertes incrementos en el gasto para programas sociales y la inversi\u00f3n en proyectos como las refiner\u00edas o el Tren Maya, o bien, incrementar el d\u00e9ficit p\u00fablico. No se pueden ignorar los costos y consecuencias de las reacciones de los empresarios ante decisiones no compartidas.<br \/>\nTras la CCCXXII Reuni\u00f3n Permanente de Funcionarios Fiscales. El secretario de Hacienda expuso que hay opiniones diversas relacionadas con el crecimiento econ\u00f3mico de M\u00e9xico, las cuales oscilan entre 1.6 y 2.1%; sin embargo, estim\u00f3 que es posible crecer 2.0%, aunque es insuficiente<br \/>\nPor lo que se refiere a la confianza del consumidor, en marzo retrocede luego de mantenerse tres meses al alza. La percepci\u00f3n de las familias sobre su situaci\u00f3n econ\u00f3mica y del pa\u00eds, de acuerdo con los datos dados a conocer por el INEGI y el Banco de M\u00e9xico, se situ\u00f3 en 47.6 puntos, lo que signific\u00f3 un descenso mensual de 1.3 puntos.<br \/>\nPor lo que se refiere al contexto internacional, se han incrementado los riesgos para el sistema financiero global, ante una salida desordenada de Reino Unido de la Uni\u00f3n Europea o una escalada de las tensiones comerciales entre Estados Unidos y China, de acuerdo con el an\u00e1lisis del Fondo Monetario Internacional (FMI); declara que la expansi\u00f3n econ\u00f3mica mundial se est\u00e1 frenando y que una desaceleraci\u00f3n abrupta podr\u00eda tener un impacto de gran alcance.<br \/>\n\u00abEsto tendr\u00e1 un efecto mayor en las econom\u00edas con fundamentos m\u00e1s d\u00e9biles, vulnerabilidades financieras m\u00e1s grandes y menos margen pol\u00edtico para responder a los impactos\u00bb, refiri\u00e9ndose al aumento de los niveles de deuda corporativa de EE. UU.<br \/>\nAhora bien, el Centro de Estudios de las Finanzas P\u00fablicas, de la C\u00e1mara de Diputados, ha hecho notar que los diferentes pron\u00f3sticos del PIB, suman ya nueve, son estos: Presidencia de la Rep\u00fablica, Secretar\u00eda de Hacienda, BdeM, Fondo Monetario Internacional, Banco Mundial (BM), Cepal, Organizaci\u00f3n para la Cooperaci\u00f3n y el Desarrollo Econ\u00f3micos, grupos de an\u00e1lisis y consultor\u00eda econ\u00f3mica del sector privado nacional y extranjero permanentemente consultados por el BdeM, y el propio centro de estudios.<br \/>\nTodos coinciden en que, en 2019 el PIB mexicano no crecer\u00e1 m\u00e1s all\u00e1 de 1.7 %, excepto Presidencia de la Rep\u00fablica que insiste en la posibilidad del 2%. Tal vez se encontr\u00f3 con la frase que escribi\u00f3 el Bill Clinton y que la ten\u00eda siempre a la vista en su escritorio de la Casa Blanca: \u201ces la econom\u00eda, est\u00fapido\u201d.<br \/>\nEl gobierno de la llamada 4T, no hered\u00f3 una situaci\u00f3n econ\u00f3mica f\u00e1cil, pero el reto que tiene en sus manos consiste en mejorarla gradualmente o empeorarla.<\/p>\n","protected":false},"excerpt":{"rendered":"<p>El crecimiento econ\u00f3mico, reto principal de la 4T Inversiones, educaci\u00f3n y tecnolog\u00eda. La definici\u00f3n m\u00e1s estricta de crecimiento econ\u00f3mico es la que indica que se produce un aumento de la&hellip; <\/p>\n","protected":false},"author":1,"featured_media":0,"comment_status":"closed","ping_status":"closed","sticky":false,"template":"","format":"standard","meta":{"fifu_image_url":"","fifu_image_alt":"","footnotes":""},"categories":[16],"tags":[],"class_list":["post-24319","post","type-post","status-publish","format-standard","hentry","category-opinion"],"_links":{"self":[{"href":"https:\/\/www.interaccionnoticias.com.mx\/index.php?rest_route=\/wp\/v2\/posts\/24319","targetHints":{"allow":["GET"]}}],"collection":[{"href":"https:\/\/www.interaccionnoticias.com.mx\/index.php?rest_route=\/wp\/v2\/posts"}],"about":[{"href":"https:\/\/www.interaccionnoticias.com.mx\/index.php?rest_route=\/wp\/v2\/types\/post"}],"author":[{"embeddable":true,"href":"https:\/\/www.interaccionnoticias.com.mx\/index.php?rest_route=\/wp\/v2\/users\/1"}],"replies":[{"embeddable":true,"href":"https:\/\/www.interaccionnoticias.com.mx\/index.php?rest_route=%2Fwp%2Fv2%2Fcomments&post=24319"}],"version-history":[{"count":0,"href":"https:\/\/www.interaccionnoticias.com.mx\/index.php?rest_route=\/wp\/v2\/posts\/24319\/revisions"}],"wp:attachment":[{"href":"https:\/\/www.interaccionnoticias.com.mx\/index.php?rest_route=%2Fwp%2Fv2%2Fmedia&parent=24319"}],"wp:term":[{"taxonomy":"category","embeddable":true,"href":"https:\/\/www.interaccionnoticias.com.mx\/index.php?rest_route=%2Fwp%2Fv2%2Fcategories&post=24319"},{"taxonomy":"post_tag","embeddable":true,"href":"https:\/\/www.interaccionnoticias.com.mx\/index.php?rest_route=%2Fwp%2Fv2%2Ftags&post=24319"}],"curies":[{"name":"wp","href":"https:\/\/api.w.org\/{rel}","templated":true}]}}