{"id":24316,"date":"2019-04-15T11:54:06","date_gmt":"2019-04-15T16:54:06","guid":{"rendered":"http:\/\/www.inter-accion.com.mx\/?p=24316"},"modified":"2019-04-15T11:54:06","modified_gmt":"2019-04-15T16:54:06","slug":"proliferan-bloqueos-por-escasez-de-agua-en-chilpancingo","status":"publish","type":"post","link":"https:\/\/www.interaccionnoticias.com.mx\/?p=24316","title":{"rendered":"Proliferan bloqueos por escasez de agua en Chilpancingo"},"content":{"rendered":"<p><strong>En el centro y bulevar, las expresiones de inconformidad<\/strong><br \/>\nLa ma\u00f1ana del lunes, habitantes de colonias populares bloquearon calles del centro de la ciudad y las laterales del bulevar Vicente Guerrero, reclaman el el suministro de agua.<br \/>\nAlrededor de las 09:00 horas, habitantes de la colonia Vista Hermosa se plantaron en la avenida Ignacio Ram\u00edrez, justo frente al Palacio Municipal de Chilpancingo, para denunciar que desde hace tres meses no reciben el suministro de agua potable.<br \/>\nLos colonos solicitaron dialogar con Irma Lilia Garz\u00f3n Bernal, directora de la Comisi\u00f3n de Agua Potable y Alcantarillado para Chilpancingo (Capach), pues se\u00f1alan que en varias ocasiones ella se ha comprometido a resolver su demanda, sin que hasta el momento les cumpla.<br \/>\nAunque hasta el lugar lleg\u00f3 Arturo Carranza, encargado de atenci\u00f3n a la ciudadan\u00eda, los inconformes se negaron a dialogar con \u00e9l, argumentando que no tiene capacidad de resoluci\u00f3n.<br \/>\nCasi en forma simult\u00e1nea, habitantes de la colonia Progreso cerraron los carriles sur-norte del bulevar Vicente Guerrero, a la altura del puente Ayutla. Tambi\u00e9n molestos por la escasez de agua.<br \/>\nEllos s\u00ed aceptaron dialogar con Arturo Carranza y en poco tiempo se les hizo llegar el l\u00edquido, lo que permiti\u00f3 restablecer la circulaci\u00f3n vial.<br \/>\nAnte la respuesta recibida por los colonos de la Progreso, los de la Vista Hermosa decidieron trasladar su protesta del centro hacia las laterales del bulevar, lugar hasta el que fueron seguidos por la directora de Capach.<\/p>\n","protected":false},"excerpt":{"rendered":"<p>En el centro y bulevar, las expresiones de inconformidad La ma\u00f1ana del lunes, habitantes de colonias populares bloquearon calles del centro de la ciudad y las laterales del bulevar Vicente&hellip; <\/p>\n","protected":false},"author":1,"featured_media":0,"comment_status":"closed","ping_status":"closed","sticky":false,"template":"","format":"standard","meta":{"fifu_image_url":"","fifu_image_alt":"","footnotes":""},"categories":[13,8],"tags":[],"class_list":["post-24316","post","type-post","status-publish","format-standard","hentry","category-capital","category-featured"],"_links":{"self":[{"href":"https:\/\/www.interaccionnoticias.com.mx\/index.php?rest_route=\/wp\/v2\/posts\/24316","targetHints":{"allow":["GET"]}}],"collection":[{"href":"https:\/\/www.interaccionnoticias.com.mx\/index.php?rest_route=\/wp\/v2\/posts"}],"about":[{"href":"https:\/\/www.interaccionnoticias.com.mx\/index.php?rest_route=\/wp\/v2\/types\/post"}],"author":[{"embeddable":true,"href":"https:\/\/www.interaccionnoticias.com.mx\/index.php?rest_route=\/wp\/v2\/users\/1"}],"replies":[{"embeddable":true,"href":"https:\/\/www.interaccionnoticias.com.mx\/index.php?rest_route=%2Fwp%2Fv2%2Fcomments&post=24316"}],"version-history":[{"count":0,"href":"https:\/\/www.interaccionnoticias.com.mx\/index.php?rest_route=\/wp\/v2\/posts\/24316\/revisions"}],"wp:attachment":[{"href":"https:\/\/www.interaccionnoticias.com.mx\/index.php?rest_route=%2Fwp%2Fv2%2Fmedia&parent=24316"}],"wp:term":[{"taxonomy":"category","embeddable":true,"href":"https:\/\/www.interaccionnoticias.com.mx\/index.php?rest_route=%2Fwp%2Fv2%2Fcategories&post=24316"},{"taxonomy":"post_tag","embeddable":true,"href":"https:\/\/www.interaccionnoticias.com.mx\/index.php?rest_route=%2Fwp%2Fv2%2Ftags&post=24316"}],"curies":[{"name":"wp","href":"https:\/\/api.w.org\/{rel}","templated":true}]}}