{"id":24307,"date":"2019-04-14T18:40:15","date_gmt":"2019-04-14T23:40:15","guid":{"rendered":"http:\/\/www.inter-accion.com.mx\/?p=24307"},"modified":"2019-04-14T18:40:15","modified_gmt":"2019-04-14T23:40:15","slug":"obispo-pide-al-crimen-tregua-durante-la-semana-santa","status":"publish","type":"post","link":"https:\/\/www.interaccionnoticias.com.mx\/?p=24307","title":{"rendered":"Obispo pide al crimen tregua durante la Semana Santa"},"content":{"rendered":"<p><strong>Para privilegiar el respeto a la vida<\/strong><br \/>\nEl obispo de la Di\u00f3cesis Chilpancingo-Chilapa, Salvador Rangel Mendoza, hizo un llamado a los grupos del crimen organizado a establecer una tregua de paz durante la Semana Santa.<br \/>\nEl prelado encabez\u00f3 la celebraci\u00f3n del Domingo de Ramos en el z\u00f3calo capitalino, a la que acudieron miles de fieles cat\u00f3licos.<br \/>\nDurante la homil\u00eda agradeci\u00f3 la amplia participaci\u00f3n y la fe de los creyentes, a pesar de que \u00abhay luto y l\u00e1grimas\u00bb en miles de familias a causa de la violencia.<br \/>\n\u00abHay tristeza y dolor en muchos hogares, pero sabemos que a pesar de la tragedia hay esperanza porque Cristo resucit\u00f3 (&#8230;). Es necesario que el pueblo recobre la fe y la confianza en s\u00ed mismo, para que podamos caminar hacia un Guerrero resucitado, donde amemos y respetemos la vida\u00bb, expuso.<br \/>\nRangel Mendoza revel\u00f3 que est\u00e1 interviniendo en la localizaci\u00f3n de cinco personas plagiadas, dos de ellas en la comunidad de El Ocotito, ubicada en la zona rural de Chilpancingo; dos m\u00e1s en el municipio de Arcelia y una en Chilapa.<br \/>\n\u00abAndamos haciendo la lucha (&#8230;), yo no pierdo la esperanza de encontrar a los desaparecidos\u00bb, expres\u00f3 el obispo durante el serm\u00f3n.<br \/>\nAl t\u00e9rmino de la celebraci\u00f3n ofreci\u00f3 una entrevista a los medios de comunicaci\u00f3n, en la que pidi\u00f3 a los grupos de la delincuencia organizada una tregua de paz, al menos durante la Semana Santa.<br \/>\n\u00abUna tregua, esa es la invitaci\u00f3n. Hoy tenemos las palmas de la paz, las palmas de la tranquilidad y la reconciliaci\u00f3n. Dios quiera que en estos d\u00edas de la Semana Santa respiremos un poquito m\u00e1s, que haya tregua y haya entendimiento para respetar a las personas y sobre todo la vida\u00bb, coment\u00f3.<br \/>\nSe le cuestion\u00f3 sobre su intervenci\u00f3n en el conflicto que se vive en la sierra de Leonardo Bravo, donde la incursi\u00f3n de civiles armados desde noviembre del a\u00f1o pasado provoc\u00f3 el desplazamiento forzado de cientos de personas de las comunidades de Campo de Aviaci\u00f3n, Corralitos, Puentecillas, Izotepec, Los Morros, El Mirabal, La Laguna y Xochipala.<br \/>\n\u00abDesgraciadamente (la negociaci\u00f3n) no ha avanzado. Hemos hecho llamados a nivel federal, a nivel estatal, pero siguen ocupados los pueblos de la sierra\u00bb, lament\u00f3 Rangel Mendoza.<br \/>\nSubray\u00f3 que \u00abtodas las personas tienen derecho a tener un pedacito de tierra, un hogar\u00bb y eso es algo que se le ha negado a los casi dos mil desplazados.<br \/>\nPor ello, hizo un llamado a los civiles armados para que respeten el derecho de los habitantes de la sierra de Leonardo Bravo, \u00absimplemente por justicia y por derechos humanos\u00bb.<br \/>\nLlama a proteger la vida<br \/>\nDurante la homil\u00eda, el obispo Salvador Rangel Mendoza agradeci\u00f3 la iniciativa presentada esta semana por el senador pri\u00edsta Manuel A\u00f1orve Ba\u00f1os, con la que se pretende reformar el art\u00edculo primero de la Constituci\u00f3n para que el Estado mexicano reconozca, proteja y garantice el derecho a la vida desde la concepci\u00f3n hasta la muerte natural.<br \/>\nEl prelado hizo un llamado a los cat\u00f3licos a organizarse para defender la propuesta del legislador guerrerense.<br \/>\n\u00abLos invito a que hagamos juntos esta lucha y entre todos logremos derrumbar el muro de muerte y odio que es el aborto, porque la vida es el gran regalo de Dios, el derecho por excelencia de todo ser humano\u00bb, sentenci\u00f3.<br \/>\nRangel Mendoza asever\u00f3 que \u00abel aborto nunca va a ser legal porque es un asesinato\u00bb.<br \/>\nA\u00fan as\u00ed, aclar\u00f3 que est\u00e1 favor de que se elimine la pena carcelaria contra las mujeres que se ven en la necesidad de recurrir a esa pr\u00e1ctica.<\/p>\n","protected":false},"excerpt":{"rendered":"<p>Para privilegiar el respeto a la vida El obispo de la Di\u00f3cesis Chilpancingo-Chilapa, Salvador Rangel Mendoza, hizo un llamado a los grupos del crimen organizado a establecer una tregua de&hellip; <\/p>\n","protected":false},"author":1,"featured_media":0,"comment_status":"closed","ping_status":"closed","sticky":false,"template":"","format":"standard","meta":{"fifu_image_url":"","fifu_image_alt":"","footnotes":""},"categories":[8,18],"tags":[],"class_list":["post-24307","post","type-post","status-publish","format-standard","hentry","category-featured","category-partidos-politicos"],"_links":{"self":[{"href":"https:\/\/www.interaccionnoticias.com.mx\/index.php?rest_route=\/wp\/v2\/posts\/24307","targetHints":{"allow":["GET"]}}],"collection":[{"href":"https:\/\/www.interaccionnoticias.com.mx\/index.php?rest_route=\/wp\/v2\/posts"}],"about":[{"href":"https:\/\/www.interaccionnoticias.com.mx\/index.php?rest_route=\/wp\/v2\/types\/post"}],"author":[{"embeddable":true,"href":"https:\/\/www.interaccionnoticias.com.mx\/index.php?rest_route=\/wp\/v2\/users\/1"}],"replies":[{"embeddable":true,"href":"https:\/\/www.interaccionnoticias.com.mx\/index.php?rest_route=%2Fwp%2Fv2%2Fcomments&post=24307"}],"version-history":[{"count":0,"href":"https:\/\/www.interaccionnoticias.com.mx\/index.php?rest_route=\/wp\/v2\/posts\/24307\/revisions"}],"wp:attachment":[{"href":"https:\/\/www.interaccionnoticias.com.mx\/index.php?rest_route=%2Fwp%2Fv2%2Fmedia&parent=24307"}],"wp:term":[{"taxonomy":"category","embeddable":true,"href":"https:\/\/www.interaccionnoticias.com.mx\/index.php?rest_route=%2Fwp%2Fv2%2Fcategories&post=24307"},{"taxonomy":"post_tag","embeddable":true,"href":"https:\/\/www.interaccionnoticias.com.mx\/index.php?rest_route=%2Fwp%2Fv2%2Ftags&post=24307"}],"curies":[{"name":"wp","href":"https:\/\/api.w.org\/{rel}","templated":true}]}}