{"id":24298,"date":"2019-04-13T21:59:20","date_gmt":"2019-04-14T02:59:20","guid":{"rendered":"http:\/\/www.inter-accion.com.mx\/?p=24298"},"modified":"2019-04-13T21:59:20","modified_gmt":"2019-04-14T02:59:20","slug":"por-secuestro-detienen-a-ex-candidato-a-la-alcaldia-de-pulcata-guerrero","status":"publish","type":"post","link":"https:\/\/www.interaccionnoticias.com.mx\/?p=24298","title":{"rendered":"Por secuestro, detienen a ex candidato a la alcald\u00eda de Pulcata, Guerrero"},"content":{"rendered":"<p><strong>Fernando \u00abN\u00bb contendi\u00f3 por el PANAL<\/strong><br \/>\nLa Fiscal\u00eda General de Guerrero, en colaboraci\u00f3n con Fiscal\u00eda de Estado de M\u00e9xico capturaron por la Comisi\u00f3n del delito de secuestro al ex candidato a la alcald\u00eda de Pilcaya por el PANAL, Fernando \u00abN\u00bb.<br \/>\nRoberto \u00c1lvarez Heredia, vocero en Seguridad de Gobierno de Guerrero, inform\u00f3 que mediante colaboraci\u00f3n interinstitucional, agentes ministeriales de Fiscal\u00eda de Guerrero y del Estado de M\u00e9xico ejecutaron la orden de aprehensi\u00f3n en contra de Fernando \u00abN\u00bb, logrando su captura.<br \/>\nIndic\u00f3 que el detenido contendi\u00f3 en 2018 a la alcald\u00eda de Pilcaya, Guerrero por el Partido Nueva Alianza, pero actualmente es acusado de ser probable responsable de secuestro en ese municipio.<br \/>\nLa noche del s\u00e1bado 13 de abril, se indic\u00f3 que ya est\u00e1 vinculado a proceso por el juez.<br \/>\nDe acuerdo con el vocero, el d\u00eda 4 de junio de 2018, los integrantes de una familia fueron privados de su libertad del interior de su domicilio? en el poblado de el Uvalar, Municipio de Pilcaya por sujetos identificados como integrantes de un grupo delictivo que opera en esa zona.<br \/>\nLos plagiarios exigieron a dos familiares entregrarse para tomar el lugar de las v\u00edctimas, pero el 14 de julio de 2018 se rescataron a las v\u00edctimas en el Estado de M\u00e9xico.<br \/>\nLas investigaciones del caso lograron la identificaci\u00f3n de los probables responsables implicados en el secuestro, siendo Fernando \u00abN\u00bb uno de ellos y quedando a disposici\u00f3n del Juez de Control.<br \/>\nCon fecha 13 de abril del presente a\u00f1o, el Juez de Control del distrito Judicial de Hidalgo, resolvi\u00f3 vincularlo a proceso e imponerle la medida de prisi\u00f3n preventiva por el tiempo que dure el proceso.<\/p>\n","protected":false},"excerpt":{"rendered":"<p>Fernando \u00abN\u00bb contendi\u00f3 por el PANAL La Fiscal\u00eda General de Guerrero, en colaboraci\u00f3n con Fiscal\u00eda de Estado de M\u00e9xico capturaron por la Comisi\u00f3n del delito de secuestro al ex candidato&hellip; <\/p>\n","protected":false},"author":1,"featured_media":0,"comment_status":"closed","ping_status":"closed","sticky":false,"template":"","format":"standard","meta":{"fifu_image_url":"","fifu_image_alt":"","footnotes":""},"categories":[8,27],"tags":[],"class_list":["post-24298","post","type-post","status-publish","format-standard","hentry","category-featured","category-seguridad-publica"],"_links":{"self":[{"href":"https:\/\/www.interaccionnoticias.com.mx\/index.php?rest_route=\/wp\/v2\/posts\/24298","targetHints":{"allow":["GET"]}}],"collection":[{"href":"https:\/\/www.interaccionnoticias.com.mx\/index.php?rest_route=\/wp\/v2\/posts"}],"about":[{"href":"https:\/\/www.interaccionnoticias.com.mx\/index.php?rest_route=\/wp\/v2\/types\/post"}],"author":[{"embeddable":true,"href":"https:\/\/www.interaccionnoticias.com.mx\/index.php?rest_route=\/wp\/v2\/users\/1"}],"replies":[{"embeddable":true,"href":"https:\/\/www.interaccionnoticias.com.mx\/index.php?rest_route=%2Fwp%2Fv2%2Fcomments&post=24298"}],"version-history":[{"count":0,"href":"https:\/\/www.interaccionnoticias.com.mx\/index.php?rest_route=\/wp\/v2\/posts\/24298\/revisions"}],"wp:attachment":[{"href":"https:\/\/www.interaccionnoticias.com.mx\/index.php?rest_route=%2Fwp%2Fv2%2Fmedia&parent=24298"}],"wp:term":[{"taxonomy":"category","embeddable":true,"href":"https:\/\/www.interaccionnoticias.com.mx\/index.php?rest_route=%2Fwp%2Fv2%2Fcategories&post=24298"},{"taxonomy":"post_tag","embeddable":true,"href":"https:\/\/www.interaccionnoticias.com.mx\/index.php?rest_route=%2Fwp%2Fv2%2Ftags&post=24298"}],"curies":[{"name":"wp","href":"https:\/\/api.w.org\/{rel}","templated":true}]}}