{"id":24277,"date":"2019-04-12T20:02:44","date_gmt":"2019-04-13T01:02:44","guid":{"rendered":"http:\/\/www.inter-accion.com.mx\/?p=24277"},"modified":"2019-04-12T20:02:44","modified_gmt":"2019-04-13T01:02:44","slug":"astudillo-respalda-la-reforma-educativa-de-amlo","status":"publish","type":"post","link":"https:\/\/www.interaccionnoticias.com.mx\/?p=24277","title":{"rendered":"Astudillo respalda la Reforma Educativa de AMLO"},"content":{"rendered":"<p><strong>Pide al Congreso de la Uni\u00f3n acompa\u00f1ar la reforma con presupuesto<\/strong><br \/>\nEl gobernador H\u00e9ctor Astudillo Flores respald\u00f3 la reforma educativa impulsada por el presidente de la Rep\u00fablica, Andr\u00e9s Manuel L\u00f3pez Obrador, en la que se pretende establecer a la educaci\u00f3n superior como obligatoria y gratuita; tambi\u00e9n hizo un llamado a los diputados federales a respaldar dicha reforma con presupuesto suficiente.<br \/>\nEl mandatario acompa\u00f1\u00f3 este viernes al rector de la Universidad Aut\u00f3noma de Guerrero (UAGro), Javier Salda\u00f1a Almaz\u00e1n, en la presentaci\u00f3n de su segundo informe de labores.<br \/>\nDurante su participaci\u00f3n, se refiri\u00f3 a la reforma educativa nacional que L\u00f3pez Obrador envi\u00f3 a la C\u00e1mara de Diputados federal.<br \/>\n\u00abSin duda debe ser una buena reforma (&#8230;), especialmente cuando se ha mencionado que en esta ruta va incluida ya la obligatoriedad de la educaci\u00f3n superior, eso me parece de lo m\u00e1s importante\u00bb, apunt\u00f3 Astudillo Flores.<br \/>\nDesde ah\u00ed pidi\u00f3 a los diputados federales que asignen presupuesto suficiente para cumplir con los objetivos de la reforma educativa que a\u00fan se encuentra en proceso de discusi\u00f3n.<br \/>\n\u00abLa reforma tiene que salir con un presupuesto que realmente ayude a mejorar la educaci\u00f3n en M\u00e9xico en todos los niveles. Creo que es el momento adecuado para que desde aqu\u00ed, desde Guerrero, con todo respeto, puntualidad y con toda oportunidad, pueda decir que esperamos que salga una buena reforma\u00bb, apunt\u00f3.<br \/>\nEl gobernador consider\u00f3 que el pa\u00eds est\u00e1 \u00abviviendo un tiempo muy importante en relaci\u00f3n con la educaci\u00f3n\u00bb.<br \/>\nRespecto al segundo informe de labores del rector Javier Salda\u00f1a Almaz\u00e1n, asever\u00f3 que la Universidad Aut\u00f3noma de Guerrero \u00abest\u00e1 en muy buena ruta y es una instituci\u00f3n que brilla\u00bb.<br \/>\nAsever\u00f3 que la UAGro \u00abes una universidad que trabaja, que se desenvuelve, que est\u00e1 en superaci\u00f3n acad\u00e9mica\u00bb.<br \/>\nPor ello, reconoci\u00f3 el trabajo de Salda\u00f1a Almaz\u00e1n, de quien destac\u00f3 su disposici\u00f3n para conducirse por la v\u00eda institucional y en coordinaci\u00f3n con todos los niveles de goberno.<br \/>\n\u00abSin duda Javier Salda\u00f1a es un buen rector, es un buen guerrerense que ha llevado a una muy buena conducci\u00f3n a la UAGro\u00bb, coment\u00f3 el gobernador.<\/p>\n","protected":false},"excerpt":{"rendered":"<p>Pide al Congreso de la Uni\u00f3n acompa\u00f1ar la reforma con presupuesto El gobernador H\u00e9ctor Astudillo Flores respald\u00f3 la reforma educativa impulsada por el presidente de la Rep\u00fablica, Andr\u00e9s Manuel L\u00f3pez&hellip; <\/p>\n","protected":false},"author":1,"featured_media":0,"comment_status":"closed","ping_status":"closed","sticky":false,"template":"","format":"standard","meta":{"fifu_image_url":"","fifu_image_alt":"","footnotes":""},"categories":[8,11],"tags":[],"class_list":["post-24277","post","type-post","status-publish","format-standard","hentry","category-featured","category-guerrero"],"_links":{"self":[{"href":"https:\/\/www.interaccionnoticias.com.mx\/index.php?rest_route=\/wp\/v2\/posts\/24277","targetHints":{"allow":["GET"]}}],"collection":[{"href":"https:\/\/www.interaccionnoticias.com.mx\/index.php?rest_route=\/wp\/v2\/posts"}],"about":[{"href":"https:\/\/www.interaccionnoticias.com.mx\/index.php?rest_route=\/wp\/v2\/types\/post"}],"author":[{"embeddable":true,"href":"https:\/\/www.interaccionnoticias.com.mx\/index.php?rest_route=\/wp\/v2\/users\/1"}],"replies":[{"embeddable":true,"href":"https:\/\/www.interaccionnoticias.com.mx\/index.php?rest_route=%2Fwp%2Fv2%2Fcomments&post=24277"}],"version-history":[{"count":0,"href":"https:\/\/www.interaccionnoticias.com.mx\/index.php?rest_route=\/wp\/v2\/posts\/24277\/revisions"}],"wp:attachment":[{"href":"https:\/\/www.interaccionnoticias.com.mx\/index.php?rest_route=%2Fwp%2Fv2%2Fmedia&parent=24277"}],"wp:term":[{"taxonomy":"category","embeddable":true,"href":"https:\/\/www.interaccionnoticias.com.mx\/index.php?rest_route=%2Fwp%2Fv2%2Fcategories&post=24277"},{"taxonomy":"post_tag","embeddable":true,"href":"https:\/\/www.interaccionnoticias.com.mx\/index.php?rest_route=%2Fwp%2Fv2%2Ftags&post=24277"}],"curies":[{"name":"wp","href":"https:\/\/api.w.org\/{rel}","templated":true}]}}