{"id":24268,"date":"2019-04-12T19:01:48","date_gmt":"2019-04-13T00:01:48","guid":{"rendered":"http:\/\/www.inter-accion.com.mx\/?p=24268"},"modified":"2019-04-12T19:01:48","modified_gmt":"2019-04-13T00:01:48","slug":"matan-a-coordinador-de-la-crac-en-san-luis-acatlan","status":"publish","type":"post","link":"https:\/\/www.interaccionnoticias.com.mx\/?p=24268","title":{"rendered":"Matan a coordinador de la CRAC en San Luis Acatlan"},"content":{"rendered":"<p><strong>Acapulco, Gro. &#8211;<\/strong> Un grupo de hombres armados atacaron a balazos al coordinador de la CRAC, Juli\u00e1n Cort\u00e9z Flores, en el municipio de San Luis Acatl\u00e1n, regi\u00f3n de la Costa Chica de Guerrero.<br \/>\nLos hechos se registraron en la colonia San Isidro en la calle Emiliano Zapata en esta localidad costera, aproximadamente a las 16 horas este viernes.<br \/>\nLa informaci\u00f3n fue confirmada por las propias autoridades de la Polic\u00eda Comunitaria, tras la muerte de Julian Cortez, al interior de una camioneta en la localidad.<br \/>\nSe dijo que el representante de la Coordinaci\u00f3n Regional de Autoridades Comunitarias, era originario de la comunidad de El Carmen, en aquella municipalidad.<br \/>\nLa agresi\u00f3n armada se produjo cuando Julian Cortez, viajaba solo, a bordo de un autom\u00f3vil marca Nissan, tipo Tsuru, al momento de ser ultimado cerca de la casa de justicia.<\/p>\n","protected":false},"excerpt":{"rendered":"<p>Acapulco, Gro. &#8211; Un grupo de hombres armados atacaron a balazos al coordinador de la CRAC, Juli\u00e1n Cort\u00e9z Flores, en el municipio de San Luis Acatl\u00e1n, regi\u00f3n de la Costa&hellip; <\/p>\n","protected":false},"author":1,"featured_media":0,"comment_status":"closed","ping_status":"closed","sticky":false,"template":"","format":"standard","meta":{"fifu_image_url":"","fifu_image_alt":"","footnotes":""},"categories":[8,27],"tags":[],"class_list":["post-24268","post","type-post","status-publish","format-standard","hentry","category-featured","category-seguridad-publica"],"_links":{"self":[{"href":"https:\/\/www.interaccionnoticias.com.mx\/index.php?rest_route=\/wp\/v2\/posts\/24268","targetHints":{"allow":["GET"]}}],"collection":[{"href":"https:\/\/www.interaccionnoticias.com.mx\/index.php?rest_route=\/wp\/v2\/posts"}],"about":[{"href":"https:\/\/www.interaccionnoticias.com.mx\/index.php?rest_route=\/wp\/v2\/types\/post"}],"author":[{"embeddable":true,"href":"https:\/\/www.interaccionnoticias.com.mx\/index.php?rest_route=\/wp\/v2\/users\/1"}],"replies":[{"embeddable":true,"href":"https:\/\/www.interaccionnoticias.com.mx\/index.php?rest_route=%2Fwp%2Fv2%2Fcomments&post=24268"}],"version-history":[{"count":0,"href":"https:\/\/www.interaccionnoticias.com.mx\/index.php?rest_route=\/wp\/v2\/posts\/24268\/revisions"}],"wp:attachment":[{"href":"https:\/\/www.interaccionnoticias.com.mx\/index.php?rest_route=%2Fwp%2Fv2%2Fmedia&parent=24268"}],"wp:term":[{"taxonomy":"category","embeddable":true,"href":"https:\/\/www.interaccionnoticias.com.mx\/index.php?rest_route=%2Fwp%2Fv2%2Fcategories&post=24268"},{"taxonomy":"post_tag","embeddable":true,"href":"https:\/\/www.interaccionnoticias.com.mx\/index.php?rest_route=%2Fwp%2Fv2%2Ftags&post=24268"}],"curies":[{"name":"wp","href":"https:\/\/api.w.org\/{rel}","templated":true}]}}