{"id":24262,"date":"2019-04-12T17:18:05","date_gmt":"2019-04-12T22:18:05","guid":{"rendered":"http:\/\/www.inter-accion.com.mx\/?p=24262"},"modified":"2019-04-12T17:18:05","modified_gmt":"2019-04-12T22:18:05","slug":"rinde-javier-saldana-su-segundo-informe-de-labores-al-frente-de-la-uagro","status":"publish","type":"post","link":"https:\/\/www.interaccionnoticias.com.mx\/?p=24262","title":{"rendered":"RINDE JAVIER SALDA\u00d1A SU SEGUNDO INFORME DE LABORES AL FRENTE DE LA UAGro"},"content":{"rendered":"<p>El rector de la Universidad Aut\u00f3noma de Guerrero, Javier Salda\u00f1a Almaz\u00e1n rindi\u00f3 su segundo Informe de Labores correspondiente al periodo 2017-2021, donde los resultados acad\u00e9micos consolidaron a la UAGro como el m\u00e1ximo referente educativo en el estado, pese a contar con el presupuesto m\u00e1s limitado de las universidades p\u00fablicas del pa\u00eds.<br \/>\nFrente al pleno del H. Consejo Universitario y el gobernador, H\u00e9ctor Astudillo Flores, as\u00ed como directores, funcionarios universitarios y de gobierno, secretarios sindicales y rectores del pa\u00eds, Javier Salda\u00f1a Almaz\u00e1n ratific\u00f3 que la UAGro es una de las instituciones m\u00e1s transparentes en la entidad e inform\u00f3 que \u201clos ejes y pol\u00edticas del nuevo gobierno de la Rep\u00fablica representan una oportunidad para consolidar los objetivos del Proyecto Universidad Pueblo\u201d.<br \/>\nY puntualiz\u00f3: \u201cDerivado de la transici\u00f3n gubernamental, la UAGro tiene como uno de sus ejes estrat\u00e9gicos la Gratuidad y Obligatoriedad de la educaci\u00f3n media superior y superior; adem\u00e1s se plantea, como una pol\u00edtica general, beneficiar primero a los pobres y, entre ellos, a los pueblos ind\u00edgenas\u201d.<br \/>\nEn su mensaje, el gobernador, H\u00e9ctor Astudillo Flores reconoci\u00f3 la gesti\u00f3n del rector, Javier Salda\u00f1a Almaz\u00e1n y puntualiz\u00f3 que pese a los problemas del estado \u201cla UAGro es de las pocas instituciones que brilla y da la cara por los guerrerenses\u201d.<br \/>\nEn su participaci\u00f3n, el secretario general del ANUIES, Jaime Valls Esponda asegur\u00f3 que \u201clos logros de la presente gesti\u00f3n han dado mayor prestigio a esta universidad que ha pasado de estar en los lugares m\u00e1s bajos de calidad en el pa\u00eds, a ser una universidad moderna, con una visi\u00f3n internacional, que ha avanzado en sus indicadores de calidad y capacidad acad\u00e9mica\u201d.<br \/>\nEn el recuento de las acciones, la UAGro cumpli\u00f3 con la transparencia y rendici\u00f3n de cuentas y la Auditor\u00eda Superior de la Federaci\u00f3n (ASF), liber\u00f3 su Cuenta P\u00fablica correspondiente al Ejercicio Fiscal 2018, cuyos resultados determinaron que la instituci\u00f3n hizo un buen manejo de recursos p\u00fablicos.<br \/>\nEn este periodo, la m\u00e1xima casa de estudios cre\u00f3 dos nuevas preparatorias y pas\u00f3 de 45 a 47, manteniendo el primer lugar estatal con 26 de planteles acreditados en el Sistema Nacional de Bachillerato (SNB).<br \/>\nEn el Nivel Superior, la UAGro cuenta con 74 licenciaturas y consigui\u00f3 el 90.88 % de matr\u00edcula de Buena Calidad, reconocida por la SEP. Tambi\u00e9n consolid\u00f3 90 Cuerpos Acad\u00e9micos; 853 Profesores de Tiempo Completo y 150 Profesores en el Sistema Nacional de Investigadores (SNI).<br \/>\nEn el posgrado, la m\u00e1xima casa de estudios mantiene 30 posgrados de alta calidad y bec\u00f3 a 50 mil 841 estudiantes a trav\u00e9s de diferentes programas.<br \/>\nEn infraestructura y debido a los da\u00f1os que provoc\u00f3 el sismo del 19 de septiembre del 2017, la UAGro termin\u00f3 con la construcci\u00f3n y reconstrucci\u00f3n de los planteles que resultaron afectados: 6 edificios se financiaron gracias al Programa FAFET y 23 inmuebles por el Gobierno del Estado.<br \/>\nEn este periodo, la UAGro implement\u00f3 un Plan de Austeridad Institucional donde redujo gastos de operaci\u00f3n para destinarlo a becas y conform\u00f3 la Comisi\u00f3n de Armonizaci\u00f3n, que homologar\u00e1 las pol\u00edticas universitarias acorde del modelo educativo del Gobierno de M\u00e9xico para garantizar en la medida de lo posible, la gratuidad en la educaci\u00f3n superior.<\/p>\n","protected":false},"excerpt":{"rendered":"<p>El rector de la Universidad Aut\u00f3noma de Guerrero, Javier Salda\u00f1a Almaz\u00e1n rindi\u00f3 su segundo Informe de Labores correspondiente al periodo 2017-2021, donde los resultados acad\u00e9micos consolidaron a la UAGro como&hellip; <\/p>\n","protected":false},"author":1,"featured_media":0,"comment_status":"closed","ping_status":"closed","sticky":false,"template":"","format":"standard","meta":{"fifu_image_url":"","fifu_image_alt":"","footnotes":""},"categories":[8,30],"tags":[],"class_list":["post-24262","post","type-post","status-publish","format-standard","hentry","category-featured","category-universidad"],"_links":{"self":[{"href":"https:\/\/www.interaccionnoticias.com.mx\/index.php?rest_route=\/wp\/v2\/posts\/24262","targetHints":{"allow":["GET"]}}],"collection":[{"href":"https:\/\/www.interaccionnoticias.com.mx\/index.php?rest_route=\/wp\/v2\/posts"}],"about":[{"href":"https:\/\/www.interaccionnoticias.com.mx\/index.php?rest_route=\/wp\/v2\/types\/post"}],"author":[{"embeddable":true,"href":"https:\/\/www.interaccionnoticias.com.mx\/index.php?rest_route=\/wp\/v2\/users\/1"}],"replies":[{"embeddable":true,"href":"https:\/\/www.interaccionnoticias.com.mx\/index.php?rest_route=%2Fwp%2Fv2%2Fcomments&post=24262"}],"version-history":[{"count":0,"href":"https:\/\/www.interaccionnoticias.com.mx\/index.php?rest_route=\/wp\/v2\/posts\/24262\/revisions"}],"wp:attachment":[{"href":"https:\/\/www.interaccionnoticias.com.mx\/index.php?rest_route=%2Fwp%2Fv2%2Fmedia&parent=24262"}],"wp:term":[{"taxonomy":"category","embeddable":true,"href":"https:\/\/www.interaccionnoticias.com.mx\/index.php?rest_route=%2Fwp%2Fv2%2Fcategories&post=24262"},{"taxonomy":"post_tag","embeddable":true,"href":"https:\/\/www.interaccionnoticias.com.mx\/index.php?rest_route=%2Fwp%2Fv2%2Ftags&post=24262"}],"curies":[{"name":"wp","href":"https:\/\/api.w.org\/{rel}","templated":true}]}}