{"id":24259,"date":"2019-04-12T14:25:07","date_gmt":"2019-04-12T19:25:07","guid":{"rendered":"http:\/\/www.inter-accion.com.mx\/?p=24259"},"modified":"2019-04-12T14:25:07","modified_gmt":"2019-04-12T19:25:07","slug":"no-llego-de-la-mejor-manera-el-titular-de-la-guardia-nacional-celestino-cesareo","status":"publish","type":"post","link":"https:\/\/www.interaccionnoticias.com.mx\/?p=24259","title":{"rendered":"No lleg\u00f3 de la mejor manera el titular de la Guardia Nacional: Celestino Ces\u00e1reo"},"content":{"rendered":"<p>Aunque no lleg\u00f3 de la mejor manera y genera muchas dudas, no podemos desear que le vaya mal al comandante de la Guardia Nacional, general Luis Rodr\u00edguez Bucio, extern\u00f3 el diputado Celestino Ces\u00e1reo Guzm\u00e1n.<br \/>\nAbund\u00f3 que el general Rodr\u00edguez Bucio \u201cno lleg\u00f3 de la mejor forma porque el Senado, cientos de organizaciones de derechos humanos y los ciudadanos en general entendimos que el mando ser\u00eda civil\u201d.<br \/>\nEl legislador perredista agreg\u00f3 que la circunstancia violenta del pa\u00eds y de Guerrero, obliga a dar el beneficio de la duda a los nuevos mandos, y evaluar los resultados de su trabajo en un plazo razonable.<br \/>\nCes\u00e1reo Guzm\u00e1n record\u00f3 que en Guerrero hay un ligero descenso en los \u00edndices de violencia, a ra\u00edz de la llegada del nuevo gobierno federal, y una vez que se desplieguen las acciones de la Guardia Nacional, esperar\u00edamos que esta tendencia contin\u00fae, dijo.<br \/>\nEl coordinador del Grupo Parlamentario del PRD en la 62 Legislatura, consider\u00f3 que habr\u00e1 buenos resultados en la pacificaci\u00f3n del pa\u00eds, en la medida que se pongan en marcha las acciones que contempla el Plan Nacional de Seguridad, sobre todo aquellas que atender\u00e1n las causas sociales y econ\u00f3mica de la violencia.<br \/>\nSin embargo, alert\u00f3 que este a\u00f1o 2019 ser\u00e1 particularmente dif\u00edcil, ya que se cancel\u00f3 el presupuesto en materia de prevenci\u00f3n del delito para municipios, as\u00ed como en investigaci\u00f3n de los delitos, y la Guardia Nacional es a\u00fan un proyecto en construcci\u00f3n.<\/p>\n","protected":false},"excerpt":{"rendered":"<p>Aunque no lleg\u00f3 de la mejor manera y genera muchas dudas, no podemos desear que le vaya mal al comandante de la Guardia Nacional, general Luis Rodr\u00edguez Bucio, extern\u00f3 el&hellip; <\/p>\n","protected":false},"author":1,"featured_media":0,"comment_status":"closed","ping_status":"closed","sticky":false,"template":"","format":"standard","meta":{"fifu_image_url":"","fifu_image_alt":"","footnotes":""},"categories":[2,8],"tags":[],"class_list":["post-24259","post","type-post","status-publish","format-standard","hentry","category-congreso","category-featured"],"_links":{"self":[{"href":"https:\/\/www.interaccionnoticias.com.mx\/index.php?rest_route=\/wp\/v2\/posts\/24259","targetHints":{"allow":["GET"]}}],"collection":[{"href":"https:\/\/www.interaccionnoticias.com.mx\/index.php?rest_route=\/wp\/v2\/posts"}],"about":[{"href":"https:\/\/www.interaccionnoticias.com.mx\/index.php?rest_route=\/wp\/v2\/types\/post"}],"author":[{"embeddable":true,"href":"https:\/\/www.interaccionnoticias.com.mx\/index.php?rest_route=\/wp\/v2\/users\/1"}],"replies":[{"embeddable":true,"href":"https:\/\/www.interaccionnoticias.com.mx\/index.php?rest_route=%2Fwp%2Fv2%2Fcomments&post=24259"}],"version-history":[{"count":0,"href":"https:\/\/www.interaccionnoticias.com.mx\/index.php?rest_route=\/wp\/v2\/posts\/24259\/revisions"}],"wp:attachment":[{"href":"https:\/\/www.interaccionnoticias.com.mx\/index.php?rest_route=%2Fwp%2Fv2%2Fmedia&parent=24259"}],"wp:term":[{"taxonomy":"category","embeddable":true,"href":"https:\/\/www.interaccionnoticias.com.mx\/index.php?rest_route=%2Fwp%2Fv2%2Fcategories&post=24259"},{"taxonomy":"post_tag","embeddable":true,"href":"https:\/\/www.interaccionnoticias.com.mx\/index.php?rest_route=%2Fwp%2Fv2%2Ftags&post=24259"}],"curies":[{"name":"wp","href":"https:\/\/api.w.org\/{rel}","templated":true}]}}