{"id":2418,"date":"2017-02-28T23:43:10","date_gmt":"2017-03-01T05:43:10","guid":{"rendered":"http:\/\/www.inter-accion.com.mx\/?p=2418"},"modified":"2017-02-28T23:43:10","modified_gmt":"2017-03-01T05:43:10","slug":"solo-una-minoria-de-los-mil-400-guerrerenses-deportados-de-eu-tiene-antecedentes-penales-semai","status":"publish","type":"post","link":"https:\/\/www.interaccionnoticias.com.mx\/?p=2418","title":{"rendered":"S\u00f3lo una minor\u00eda de los mil 400 guerrerenses deportados de EU, tiene antecedentes penales: SEMAI"},"content":{"rendered":"<p><span style=\"font-weight: 400;\">De enero a la fecha suman m\u00e1s de mil 400 guerrerenses deportados de Estados Unidos, de los cuales una minor\u00eda contaba con antecedentes penales, seg\u00fan informaci\u00f3n proporcionada por la Secretar\u00eda de los Migrantes y Asuntos Internacionales (SEMAI).<\/span><br \/>\n<span style=\"font-weight: 400;\">Esa misma dependencia, dio a conocer que en el mes de enero el gobierno estadounidense deport\u00f3 a m\u00e1s de mil 300 guerrerenses, de los cuales 15 fueron dentro del periodo del actual presidente Donald Trump. <\/span><br \/>\n<span style=\"font-weight: 400;\">El titular de la SEMAI, Fabi\u00e1n Morales March\u00e1n enfatiz\u00f3 que aunque los n\u00fameros no reflejaban una situaci\u00f3n alarmante, esto en comparaci\u00f3n con otros gobiernos estadounidenses, significaba una situaci\u00f3n dif\u00edcil por las adecuaciones en las pol\u00edticas migratorias en el pa\u00eds vecino del norte. <\/span><br \/>\n<span style=\"font-weight: 400;\"> \u201cEs preocupante, actualmente est\u00e1n sucediendo algunos percances de deportaci\u00f3n de personas que no se merecen eso, porque son buenos trabajadores y han hecho una buena contribuci\u00f3n para ambos pa\u00edses\u201d, puntualiz\u00f3 el funcionario. <\/span><br \/>\n<span style=\"font-weight: 400;\">Adem\u00e1s resalto que de los 15 mil mexicanos deportados en los primeros meses del a\u00f1o, solo un 8 por ciento &nbsp;se trat\u00f3 de personas que si hab\u00edan sido acusadas por cr\u00edmenes como asesinatos y delitos menores. <\/span><br \/>\n<span style=\"font-weight: 400;\">Agreg\u00f3 que el plan para recibir a los repatriados guerrerenses, es el de continuar la implementaci\u00f3n del programa \u201cRepatriados Trabajando\u201d, en coordinaci\u00f3n con la Secretar\u00eda del Trabajo y Previsi\u00f3n Social, con el objetivo de vincularlos a un empleo en la iniciativa privada. <\/span><br \/>\n<span style=\"font-weight: 400;\">Hace dos semanas, 2 de los 15 guerrerenses deportaos en el inicio de la denominada \u201cEra Trump\u201d, que fueron recibidos en el Aeropuerto Internacional de la Ciudad de M\u00e9xico (AICM) por el presidente Enrique Pe\u00f1a Nieto, ingresaron a dicho programa.<\/span><br \/>\n&nbsp;<\/p>\n","protected":false},"excerpt":{"rendered":"<p>De enero a la fecha suman m\u00e1s de mil 400 guerrerenses deportados de Estados Unidos, de los cuales una minor\u00eda contaba con antecedentes penales, seg\u00fan informaci\u00f3n proporcionada por la Secretar\u00eda&hellip; <\/p>\n","protected":false},"author":1,"featured_media":0,"comment_status":"open","ping_status":"open","sticky":false,"template":"","format":"standard","meta":{"fifu_image_url":"","fifu_image_alt":"","footnotes":""},"categories":[8,11],"tags":[],"class_list":["post-2418","post","type-post","status-publish","format-standard","hentry","category-featured","category-guerrero"],"_links":{"self":[{"href":"https:\/\/www.interaccionnoticias.com.mx\/index.php?rest_route=\/wp\/v2\/posts\/2418","targetHints":{"allow":["GET"]}}],"collection":[{"href":"https:\/\/www.interaccionnoticias.com.mx\/index.php?rest_route=\/wp\/v2\/posts"}],"about":[{"href":"https:\/\/www.interaccionnoticias.com.mx\/index.php?rest_route=\/wp\/v2\/types\/post"}],"author":[{"embeddable":true,"href":"https:\/\/www.interaccionnoticias.com.mx\/index.php?rest_route=\/wp\/v2\/users\/1"}],"replies":[{"embeddable":true,"href":"https:\/\/www.interaccionnoticias.com.mx\/index.php?rest_route=%2Fwp%2Fv2%2Fcomments&post=2418"}],"version-history":[{"count":0,"href":"https:\/\/www.interaccionnoticias.com.mx\/index.php?rest_route=\/wp\/v2\/posts\/2418\/revisions"}],"wp:attachment":[{"href":"https:\/\/www.interaccionnoticias.com.mx\/index.php?rest_route=%2Fwp%2Fv2%2Fmedia&parent=2418"}],"wp:term":[{"taxonomy":"category","embeddable":true,"href":"https:\/\/www.interaccionnoticias.com.mx\/index.php?rest_route=%2Fwp%2Fv2%2Fcategories&post=2418"},{"taxonomy":"post_tag","embeddable":true,"href":"https:\/\/www.interaccionnoticias.com.mx\/index.php?rest_route=%2Fwp%2Fv2%2Ftags&post=2418"}],"curies":[{"name":"wp","href":"https:\/\/api.w.org\/{rel}","templated":true}]}}