{"id":24064,"date":"2019-04-07T21:43:36","date_gmt":"2019-04-08T02:43:36","guid":{"rendered":"http:\/\/www.inter-accion.com.mx\/?p=24064"},"modified":"2019-04-07T21:43:36","modified_gmt":"2019-04-08T02:43:36","slug":"pretenden-que-el-senado-asuma-la-discusion-sobre-la-pacificacion-de-la-sierra","status":"publish","type":"post","link":"https:\/\/www.interaccionnoticias.com.mx\/?p=24064","title":{"rendered":"Pretenden que el Senado asuma la discusi\u00f3n sobre la pacificaci\u00f3n de la Sierra"},"content":{"rendered":"<p><strong>Desde el Congreso local se busca la interlocuci\u00f3n de F\u00e9lix Salgado, Nestora Salgado y Manuel A\u00f1orve<\/strong><br \/>\nLa Comisi\u00f3n Especial para la Regionalizaci\u00f3n de la Sierra pretende involucrar en el tema al Senado de la Rep\u00fablica, para garantizar que el asunto sea revisado tambi\u00e9n en el centro de la Rep\u00fablica, como una forma de agotar la mayor cantidad de instancias en el proceso de pacificaci\u00f3n de la entidad.<br \/>\nServando de Jes\u00fas Salgado Guzm\u00e1n, diputado local por Morena y presidente de la comisi\u00f3n de referencia, consider\u00f3 que lo que se debe propiciar en la Sierra es un proceso de reconciliaci\u00f3n, por el nivel que han alcanzado los problemas en la zona.<br \/>\nPara ello, dijo que en un primer momento se involucr\u00f3 al Congreso, a los municipios que tienen comunidades en las partes altas y al gobierno estatal, de tal manera que en ahora hay consenso en el planteamiento de buscar un mecanismo de pacificaci\u00f3n.<br \/>\nEn otro momento, dijo que ya dialog\u00f3 sobre el tema con el senador F\u00e9lix Salgado Macedonio, quien quien asumi\u00f3 una actitud receptiva ante el tema y dijo estar dispuesto a participar.<br \/>\nEn los pr\u00f3ximos d\u00edas, dijo que buscar\u00e1 a la senadora Nestora Salgado Garc\u00eda, que tambi\u00e9n fue electa por Morena y al pri\u00edsta Manuel A\u00f1orve Ba\u00f1os, porque el asunto es del inter\u00e9s de todos, independientemente de las militancias e ideolog\u00edas partidistas.<br \/>\nCon el respaldo de los tres senadores por Guerrero, dijo que el tema tendr\u00e1 que ser abordado en la C\u00e1mara Alta, lo que garantizar\u00e1 que haya una revisi\u00f3n en el centro de la Republica.<br \/>\nSalgado Guzm\u00e1n sostiene que si el tema de la Sierra no se analiza en todas las instancias del Poder P\u00fablico, no se avanzar\u00e1 y en consecuencia, no se conseguir\u00e1 disminuir la inseguridad que prevalece en la zona y que de manera evidente, perjudica al resto de la entidad y tambi\u00e9n genera preocupaci\u00f3n al resto de pa\u00eds.<br \/>\nPor esa raz\u00f3n, manifest\u00f3 que ya propici\u00f3 el acercamiento con los jefes de cabildo ubicados en la regi\u00f3n Centro, Costa Grande, Zona Norte y Tierra Caliente, que tienen comunidades ubicadas en la parte alta de la Sierra y que podr\u00edan dar cabida al surgimiento de entre 7 u 8 municipio de nueva creaci\u00f3n.<br \/>\nReconoci\u00f3 que un nuevo municipio no necesariamente genera desarroll\u00f3 econ\u00f3mico, pero s\u00ed destac\u00f3 que ayuda mucho a mantener la gobernabilidad, situaci\u00f3n que tambi\u00e9n se debe ponderar al hablar sobre el tema.<\/p>\n","protected":false},"excerpt":{"rendered":"<p>Desde el Congreso local se busca la interlocuci\u00f3n de F\u00e9lix Salgado, Nestora Salgado y Manuel A\u00f1orve La Comisi\u00f3n Especial para la Regionalizaci\u00f3n de la Sierra pretende involucrar en el tema&hellip; <\/p>\n","protected":false},"author":1,"featured_media":0,"comment_status":"closed","ping_status":"closed","sticky":false,"template":"","format":"standard","meta":{"fifu_image_url":"","fifu_image_alt":"","footnotes":""},"categories":[2,8],"tags":[],"class_list":["post-24064","post","type-post","status-publish","format-standard","hentry","category-congreso","category-featured"],"_links":{"self":[{"href":"https:\/\/www.interaccionnoticias.com.mx\/index.php?rest_route=\/wp\/v2\/posts\/24064","targetHints":{"allow":["GET"]}}],"collection":[{"href":"https:\/\/www.interaccionnoticias.com.mx\/index.php?rest_route=\/wp\/v2\/posts"}],"about":[{"href":"https:\/\/www.interaccionnoticias.com.mx\/index.php?rest_route=\/wp\/v2\/types\/post"}],"author":[{"embeddable":true,"href":"https:\/\/www.interaccionnoticias.com.mx\/index.php?rest_route=\/wp\/v2\/users\/1"}],"replies":[{"embeddable":true,"href":"https:\/\/www.interaccionnoticias.com.mx\/index.php?rest_route=%2Fwp%2Fv2%2Fcomments&post=24064"}],"version-history":[{"count":0,"href":"https:\/\/www.interaccionnoticias.com.mx\/index.php?rest_route=\/wp\/v2\/posts\/24064\/revisions"}],"wp:attachment":[{"href":"https:\/\/www.interaccionnoticias.com.mx\/index.php?rest_route=%2Fwp%2Fv2%2Fmedia&parent=24064"}],"wp:term":[{"taxonomy":"category","embeddable":true,"href":"https:\/\/www.interaccionnoticias.com.mx\/index.php?rest_route=%2Fwp%2Fv2%2Fcategories&post=24064"},{"taxonomy":"post_tag","embeddable":true,"href":"https:\/\/www.interaccionnoticias.com.mx\/index.php?rest_route=%2Fwp%2Fv2%2Ftags&post=24064"}],"curies":[{"name":"wp","href":"https:\/\/api.w.org\/{rel}","templated":true}]}}