{"id":24053,"date":"2019-04-05T22:37:17","date_gmt":"2019-04-06T04:37:17","guid":{"rendered":"http:\/\/www.inter-accion.com.mx\/?p=24053"},"modified":"2019-04-05T22:37:17","modified_gmt":"2019-04-06T04:37:17","slug":"fge-logra-sentencia-de-40-para-tres-homicidas-de-dos-mandos-de-la-pim","status":"publish","type":"post","link":"https:\/\/www.interaccionnoticias.com.mx\/?p=24053","title":{"rendered":"FGE logra sentencia de 40 para tres homicidas de dos mandos de la PIM"},"content":{"rendered":"<p><strong>En hechos ocurridos en Alpoyeca<\/strong><br \/>\nLa Fiscal\u00eda General del Estado (FGE) logr\u00f3 que se dictara una sentencia de 40 a\u00f1os de prisi\u00f3n en contra de tres supuestos homicidas de Wenceslao \u201cN\u201d y F\u00e9liz \u201cN\u201d, quienes se desempe\u00f1aban como coordinador regional y coordinador de Zona de la Polic\u00eda Ministerial del Estado (PME) en la Regi\u00f3n Monta\u00f1a.<br \/>\nDe acuerdo con el reporta, se anota que en mayo de 2018, ambos mandos acudieron a la cabecera municipal de Alpoyeca, en la zona de La Ca\u00f1ada para cumplimentar una orden de aprehensi\u00f3n, pero cuando circulaban por una de las calles de la colonia San Marcos, desde el interior de un domicilio fueron agredidos a balazos.<br \/>\nPrimero fue asesinado el coordinador regional de la PME, Wenceslao \u00abN\u00bb y enseguida el Coordinador de Zona Fel\u00edx \u00abN\u00bb.<br \/>\nLa FGE inform\u00f3 que este viernes 5 de abril se llev\u00f3 a cabo la audiencia de individualizaci\u00f3n de sanciones, en la cual se impuso la pena privativa de libertad de 40 a\u00f1os de prisi\u00f3n en contra de Jes\u00fas Leodegario \u00abN\u00bb, Jos\u00e9 Manuel \u00abN\u00bb y Juan Carlos \u00abN\u00bb, a quienes se imputa el delito de Homicidio Calificado, adem\u00e1s se les impuso el pago de la reparaci\u00f3n del da\u00f1o a las v\u00edctimas.<\/p>\n","protected":false},"excerpt":{"rendered":"<p>En hechos ocurridos en Alpoyeca La Fiscal\u00eda General del Estado (FGE) logr\u00f3 que se dictara una sentencia de 40 a\u00f1os de prisi\u00f3n en contra de tres supuestos homicidas de Wenceslao&hellip; <\/p>\n","protected":false},"author":1,"featured_media":0,"comment_status":"closed","ping_status":"closed","sticky":false,"template":"","format":"standard","meta":{"fifu_image_url":"","fifu_image_alt":"","footnotes":""},"categories":[8,27],"tags":[],"class_list":["post-24053","post","type-post","status-publish","format-standard","hentry","category-featured","category-seguridad-publica"],"_links":{"self":[{"href":"https:\/\/www.interaccionnoticias.com.mx\/index.php?rest_route=\/wp\/v2\/posts\/24053","targetHints":{"allow":["GET"]}}],"collection":[{"href":"https:\/\/www.interaccionnoticias.com.mx\/index.php?rest_route=\/wp\/v2\/posts"}],"about":[{"href":"https:\/\/www.interaccionnoticias.com.mx\/index.php?rest_route=\/wp\/v2\/types\/post"}],"author":[{"embeddable":true,"href":"https:\/\/www.interaccionnoticias.com.mx\/index.php?rest_route=\/wp\/v2\/users\/1"}],"replies":[{"embeddable":true,"href":"https:\/\/www.interaccionnoticias.com.mx\/index.php?rest_route=%2Fwp%2Fv2%2Fcomments&post=24053"}],"version-history":[{"count":0,"href":"https:\/\/www.interaccionnoticias.com.mx\/index.php?rest_route=\/wp\/v2\/posts\/24053\/revisions"}],"wp:attachment":[{"href":"https:\/\/www.interaccionnoticias.com.mx\/index.php?rest_route=%2Fwp%2Fv2%2Fmedia&parent=24053"}],"wp:term":[{"taxonomy":"category","embeddable":true,"href":"https:\/\/www.interaccionnoticias.com.mx\/index.php?rest_route=%2Fwp%2Fv2%2Fcategories&post=24053"},{"taxonomy":"post_tag","embeddable":true,"href":"https:\/\/www.interaccionnoticias.com.mx\/index.php?rest_route=%2Fwp%2Fv2%2Ftags&post=24053"}],"curies":[{"name":"wp","href":"https:\/\/api.w.org\/{rel}","templated":true}]}}