{"id":2401,"date":"2017-02-28T22:44:18","date_gmt":"2017-03-01T04:44:18","guid":{"rendered":"http:\/\/www.inter-accion.com.mx\/?p=2401"},"modified":"2017-02-28T22:44:18","modified_gmt":"2017-03-01T04:44:18","slug":"derechos-humanos-asignatura-pendiente-en-guerrero-ricardo-mejia-berdeja","status":"publish","type":"post","link":"https:\/\/www.interaccionnoticias.com.mx\/?p=2401","title":{"rendered":"Derechos humanos, asignatura pendiente en Guerrero: Ricardo Mej\u00eda Berdeja"},"content":{"rendered":"<p>&nbsp;Durante la recepci\u00f3n del Informe de labores de la Comisi\u00f3n de los Derechos Humanos del Estado de Guerrero, el diputado Ricardo Mej\u00eda Berdeja advirti\u00f3 que la defensa de los derechos humanos sigue siendo una asignatura pendiente en Guerrero.<br \/>\n&nbsp;<br \/>\n\u201cTenemos causas comunes, cada quien en su \u00e1mbito pero siempre hemos estado ocupado y preocupados por el tema del respeto de los derechos humanos en Guerrero\u201d, dijo Ricardo Mej\u00eda y lament\u00f3 que sea precisamente \u00e9sta una asignatura pendiente tanto en la entidad como en el pa\u00eds.<br \/>\n&nbsp;<br \/>\nMej\u00eda Berdeja coment\u00f3 que, con base en el Informe del Relator Especial sobre la tortura y otros tratos o penas crueles, inhumanos o degradantes de la ONU, las cifras de desapariciones forzadas o casos de tortura siguen prevaleciendo ;incluso el relator de la ONU lamenta concluir, una vez m\u00e1s, que la tortura y los malos tratos siguen siendo generalizados en M\u00e9xico.<br \/>\n&nbsp;<br \/>\n\u201cQuisi\u00e9ramos poder hacer m\u00e1s\u201d en alusi\u00f3n a la petici\u00f3n que el diputado de Movimiento Ciudadano hiciera durante la discusi\u00f3n de la Presupuesto de Egresos 2017 en donde bajo la necesidad de mejoras a la instituci\u00f3n se busc\u00f3 un incremento presupuestal, sin embargo, lament\u00f3 el legislador \u201cno nos fue obsequiada la solicitud\u201d pero se comprometi\u00f3 a seguir insistiendo por el fortalecimiento de la instituci\u00f3n.<br \/>\n&nbsp;<br \/>\nPor \u00faltimo, reconoci\u00f3 en el equipo de trabajo de la CODEHUM, un esfuerzo importante por tener en la agenda p\u00fablica del estado los temas relacionados a la defensa de los derechos humanos.<\/p>\n","protected":false},"excerpt":{"rendered":"<p>&nbsp;Durante la recepci\u00f3n del Informe de labores de la Comisi\u00f3n de los Derechos Humanos del Estado de Guerrero, el diputado Ricardo Mej\u00eda Berdeja advirti\u00f3 que la defensa de los derechos&hellip; <\/p>\n","protected":false},"author":1,"featured_media":0,"comment_status":"open","ping_status":"open","sticky":false,"template":"","format":"standard","meta":{"fifu_image_url":"","fifu_image_alt":"","footnotes":""},"categories":[2,8],"tags":[],"class_list":["post-2401","post","type-post","status-publish","format-standard","hentry","category-congreso","category-featured"],"_links":{"self":[{"href":"https:\/\/www.interaccionnoticias.com.mx\/index.php?rest_route=\/wp\/v2\/posts\/2401","targetHints":{"allow":["GET"]}}],"collection":[{"href":"https:\/\/www.interaccionnoticias.com.mx\/index.php?rest_route=\/wp\/v2\/posts"}],"about":[{"href":"https:\/\/www.interaccionnoticias.com.mx\/index.php?rest_route=\/wp\/v2\/types\/post"}],"author":[{"embeddable":true,"href":"https:\/\/www.interaccionnoticias.com.mx\/index.php?rest_route=\/wp\/v2\/users\/1"}],"replies":[{"embeddable":true,"href":"https:\/\/www.interaccionnoticias.com.mx\/index.php?rest_route=%2Fwp%2Fv2%2Fcomments&post=2401"}],"version-history":[{"count":0,"href":"https:\/\/www.interaccionnoticias.com.mx\/index.php?rest_route=\/wp\/v2\/posts\/2401\/revisions"}],"wp:attachment":[{"href":"https:\/\/www.interaccionnoticias.com.mx\/index.php?rest_route=%2Fwp%2Fv2%2Fmedia&parent=2401"}],"wp:term":[{"taxonomy":"category","embeddable":true,"href":"https:\/\/www.interaccionnoticias.com.mx\/index.php?rest_route=%2Fwp%2Fv2%2Fcategories&post=2401"},{"taxonomy":"post_tag","embeddable":true,"href":"https:\/\/www.interaccionnoticias.com.mx\/index.php?rest_route=%2Fwp%2Fv2%2Ftags&post=2401"}],"curies":[{"name":"wp","href":"https:\/\/api.w.org\/{rel}","templated":true}]}}