{"id":23949,"date":"2019-04-03T10:23:03","date_gmt":"2019-04-03T16:23:03","guid":{"rendered":"http:\/\/www.inter-accion.com.mx\/?p=23949"},"modified":"2019-04-03T10:23:03","modified_gmt":"2019-04-03T16:23:03","slug":"habitantes-de-seis-pueblos-bloquean-parcialmente-la-autopista-del-sol","status":"publish","type":"post","link":"https:\/\/www.interaccionnoticias.com.mx\/?p=23949","title":{"rendered":"Habitantes de seis pueblos bloquean parcialmente la Autopista del Sol"},"content":{"rendered":"<p><strong>En la entrada sur de Chilpancingo<\/strong><br \/>\nHabitantes de seis comunidades de Petaquillas bloquean dos de los cuatro carriles de la Autopista del Sol, en la entrada sur de Chilpancingo, reclaman la validaci\u00f3n de sus constancias para ingresar al programa del fertilizante y el suministro de agua potable.<br \/>\nDesde las 09:00 horas, pobladores de Acahuizotla, Mazatl\u00e1n, Palo Blanco, Tepechicotl\u00e1n y El Calvario iniciaron una marcha desde la comunidad de Petaquillas, en la que tambi\u00e9n se sumaron trabajadores del volante.<br \/>\nLa movilizaci\u00f3n avanz\u00f3 sobre los carriles sur-norte del bulevar Chilpancingo-Petaquillas, que tiene una longitud aproximada de diez kil\u00f3metros.<br \/>\nLos manifestantes reclaman el suministro suficiente de agua potable, adem\u00e1s de la validaci\u00f3n de la constancia de cesi\u00f3n de derechos para ingresar al programa del fertilizante y el respaldo a la Polic\u00eda Rural en las localidades en que se cuenta con dicha figura.<br \/>\nAunque a la altura de la colonia La Cinca se coloc\u00f3 un grupo de elementos de la Polic\u00eda Federal (PF), estos no impidieron el avance de los manifestantes, que antes de las 10:00 llegaron al punto conocido como El Parador del Marqu\u00e9s.<br \/>\nEn la marcha participan alrededor de 200 pobladores, a los que se sumaron choferes de la Asociaci\u00f3n de Transportistas de Petaquillas (ATP), quienes acompa\u00f1aron al contingente a bordo de sus unidades.<br \/>\nA las 10:00 horas instalaron el bloqueo en los carriles sur-norte de la carretera de cuota, justo en el Parador del Marqu\u00e9s, a la espera de que las autoridades municipales y del estado acuda para instalar una mesa de dialogo.<\/p>\n","protected":false},"excerpt":{"rendered":"<p>En la entrada sur de Chilpancingo Habitantes de seis comunidades de Petaquillas bloquean dos de los cuatro carriles de la Autopista del Sol, en la entrada sur de Chilpancingo, reclaman&hellip; <\/p>\n","protected":false},"author":1,"featured_media":0,"comment_status":"closed","ping_status":"closed","sticky":false,"template":"","format":"standard","meta":{"fifu_image_url":"","fifu_image_alt":"","footnotes":""},"categories":[8,15],"tags":[],"class_list":["post-23949","post","type-post","status-publish","format-standard","hentry","category-featured","category-movimientos-sociales"],"_links":{"self":[{"href":"https:\/\/www.interaccionnoticias.com.mx\/index.php?rest_route=\/wp\/v2\/posts\/23949","targetHints":{"allow":["GET"]}}],"collection":[{"href":"https:\/\/www.interaccionnoticias.com.mx\/index.php?rest_route=\/wp\/v2\/posts"}],"about":[{"href":"https:\/\/www.interaccionnoticias.com.mx\/index.php?rest_route=\/wp\/v2\/types\/post"}],"author":[{"embeddable":true,"href":"https:\/\/www.interaccionnoticias.com.mx\/index.php?rest_route=\/wp\/v2\/users\/1"}],"replies":[{"embeddable":true,"href":"https:\/\/www.interaccionnoticias.com.mx\/index.php?rest_route=%2Fwp%2Fv2%2Fcomments&post=23949"}],"version-history":[{"count":0,"href":"https:\/\/www.interaccionnoticias.com.mx\/index.php?rest_route=\/wp\/v2\/posts\/23949\/revisions"}],"wp:attachment":[{"href":"https:\/\/www.interaccionnoticias.com.mx\/index.php?rest_route=%2Fwp%2Fv2%2Fmedia&parent=23949"}],"wp:term":[{"taxonomy":"category","embeddable":true,"href":"https:\/\/www.interaccionnoticias.com.mx\/index.php?rest_route=%2Fwp%2Fv2%2Fcategories&post=23949"},{"taxonomy":"post_tag","embeddable":true,"href":"https:\/\/www.interaccionnoticias.com.mx\/index.php?rest_route=%2Fwp%2Fv2%2Ftags&post=23949"}],"curies":[{"name":"wp","href":"https:\/\/api.w.org\/{rel}","templated":true}]}}